{"id":57624,"date":"2020-02-11T11:37:06","date_gmt":"2020-02-11T14:37:06","guid":{"rendered":"https:\/\/www.actualidadadiario.com\/?p=57624"},"modified":"2020-02-11T11:37:25","modified_gmt":"2020-02-11T14:37:25","slug":"cristina-publico-una-foto-con-su-hija-desde-cuba","status":"publish","type":"post","link":"https:\/\/www.actualidadadiario.com\/index.php\/2020\/02\/11\/cristina-publico-una-foto-con-su-hija-desde-cuba\/","title":{"rendered":"Cristina public\u00f3 una foto con su hija desde Cuba"},"content":{"rendered":"<p style=\"text-align: center;\"><em><strong>Adem\u00e1s, la ex mandataria us\u00f3 las redes sociales para hablar de la deuda a nivel pa\u00eds y criticar a Mauricio Macri<\/strong><\/em><\/p>\n<p>&nbsp;<\/p>\n<p>&nbsp;<\/p>\n<p>La vicepresidenta Cristina Kirchner viaj\u00f3 a Cuba, en la madrugada del jueves pasado, para visitar a su hija Florencia, quien se encuentra viviendo en ese pa\u00eds. Hoy, antes de emprender su regreso a la Argentina, decidi\u00f3 publicar una foto en las redes sociales. En la misma se las puede ver a las dos juntas, sonriendo y vestidas con ropa de playa. Adem\u00e1s, Florencia se encuentra sosteniendo a su madre del brazo.<\/p>\n<p>La imagen est\u00e1 acompa\u00f1ada por tan s\u00f3lo una frase: \u201cDespidi\u00e9ndome de Florencia antes de volver a Buenos Aires\u201d y finaliza con el dibujo de un coraz\u00f3n. El posteo se realiz\u00f3 hace aproximadamente media hora y ya obtuvo m\u00e1s de 34.000 \u201cme gusta\u201d y alrededor de 2.800 comentarios. Desde Cuba, la presidenta del Senado subi\u00f3 a su cuenta de Instagram distintas fotograf\u00edas y en todas escribi\u00f3 un mensaje de car\u00e1cter pol\u00edtico.<\/p>\n<p>Desde el exterior, Cristina se pronunci\u00f3 sobre la renegociaci\u00f3n de la deuda externa y sostuvo que para poder pagar el monto adeudado, lo primero que la Argentina tiene que hacer es salir de la recesi\u00f3n en la que se halla inmersa y que eso s\u00f3lo se logra con una inversi\u00f3n importante por parte del Estado. Tambi\u00e9n hizo hincapi\u00e9 en las tarifas p\u00fablicas y consider\u00f3 que todas deben ser revisadas de manera integral para saber si los presupuestos y las inversiones se han llevado a cabo de la manera correcta.<\/p>\n<p>La expresidenta tambi\u00e9n apunt\u00f3, v\u00eda redes sociales, contra el exmandatario, Mauricio Macri y afirm\u00f3 que el modelo de gesti\u00f3n que encabez\u00f3 el exjefe de Estado llev\u00f3 al pa\u00eds a contraer la deuda que hoy el gobierno, del cual ella forma parte, debe afrontar. A su vez, precis\u00f3 que hasta que Macri asumi\u00f3 en el poder, el peor nivel de endeudamiento lo hab\u00eda ocasionado la dictadura.<\/p>\n<p>Para concluir, asegur\u00f3 que cuando ella ocup\u00f3 el sill\u00f3n presidencial, dej\u00f3 a la Argentina con un nivel de deuda 0 en relaci\u00f3n con el FMI. Logrando as\u00ed que la naci\u00f3n se independice del organismo internacional, el cual condiciona el modelo de desarrollo de un pa\u00eds. Y volvi\u00f3 a arremeter contra Macri, al aseverar que fue \u00e9l quien gener\u00f3 que la Argentina deba hacerse cargo de un nivel de deuda de 44 mil millones de d\u00f3lares respecto al FMI.<\/p>\n","protected":false},"excerpt":{"rendered":"<p>Adem\u00e1s, la ex mandataria us\u00f3 las redes sociales para hablar de la deuda a nivel pa\u00eds y criticar a Mauricio Macri &nbsp; &nbsp; La vicepresidenta Cristina Kirchner viaj\u00f3 a Cuba, en la madrugada del jueves pasado, para visitar a su hija Florencia, quien se encuentra viviendo en ese pa\u00eds. Hoy, antes de emprender su regreso a la Argentina, decidi\u00f3 publicar una foto en las redes sociales. En la misma se las puede ver a las dos juntas, sonriendo y vestidas con ropa de playa. Adem\u00e1s, Florencia se encuentra sosteniendo a&#8230;<\/p>\n","protected":false},"author":3,"featured_media":57625,"comment_status":"closed","ping_status":"closed","sticky":false,"template":"","format":"standard","meta":[],"categories":[9],"tags":[],"_links":{"self":[{"href":"https:\/\/www.actualidadadiario.com\/index.php\/wp-json\/wp\/v2\/posts\/57624"}],"collection":[{"href":"https:\/\/www.actualidadadiario.com\/index.php\/wp-json\/wp\/v2\/posts"}],"about":[{"href":"https:\/\/www.actualidadadiario.com\/index.php\/wp-json\/wp\/v2\/types\/post"}],"author":[{"embeddable":true,"href":"https:\/\/www.actualidadadiario.com\/index.php\/wp-json\/wp\/v2\/users\/3"}],"replies":[{"embeddable":true,"href":"https:\/\/www.actualidadadiario.com\/index.php\/wp-json\/wp\/v2\/comments?post=57624"}],"version-history":[{"count":2,"href":"https:\/\/www.actualidadadiario.com\/index.php\/wp-json\/wp\/v2\/posts\/57624\/revisions"}],"predecessor-version":[{"id":57627,"href":"https:\/\/www.actualidadadiario.com\/index.php\/wp-json\/wp\/v2\/posts\/57624\/revisions\/57627"}],"wp:featuredmedia":[{"embeddable":true,"href":"https:\/\/www.actualidadadiario.com\/index.php\/wp-json\/wp\/v2\/media\/57625"}],"wp:attachment":[{"href":"https:\/\/www.actualidadadiario.com\/index.php\/wp-json\/wp\/v2\/media?parent=57624"}],"wp:term":[{"taxonomy":"category","embeddable":true,"href":"https:\/\/www.actualidadadiario.com\/index.php\/wp-json\/wp\/v2\/categories?post=57624"},{"taxonomy":"post_tag","embeddable":true,"href":"https:\/\/www.actualidadadiario.com\/index.php\/wp-json\/wp\/v2\/tags?post=57624"}],"curies":[{"name":"wp","href":"https:\/\/api.w.org\/{rel}","templated":true}]}}