{"id":57621,"date":"2020-02-11T11:36:05","date_gmt":"2020-02-11T14:36:05","guid":{"rendered":"https:\/\/www.actualidadadiario.com\/?p=57621"},"modified":"2020-02-11T11:36:05","modified_gmt":"2020-02-11T14:36:05","slug":"el-gobierno-limito-designaciones-en-el-estados-por-seis-meses","status":"publish","type":"post","link":"https:\/\/www.actualidadadiario.com\/index.php\/2020\/02\/11\/el-gobierno-limito-designaciones-en-el-estados-por-seis-meses\/","title":{"rendered":"El Gobierno limit\u00f3 designaciones en el Estados por seis meses"},"content":{"rendered":"<p style=\"text-align: center;\"><em><strong>As\u00ed fue comunicado este martes, a trav\u00e9s del Bolet\u00edn Oficial. En tanto, se anunci\u00f3 que har\u00e1 una revisi\u00f3n de los puestos actuales para &#8220;contar con la informaci\u00f3n adecuada para optimizar la gesti\u00f3n&#8221;<\/strong><\/em><\/p>\n<p>&nbsp;<\/p>\n<p>&nbsp;<\/p>\n<p>El Gobierno limit\u00f3 hoy las designaciones y contrataciones en el Estado por un plazo de seis meses, al tiempo que anunci\u00f3 que har\u00e1 una revisi\u00f3n de los puestos actuales para &#8220;contar con la informaci\u00f3n adecuada para optimizar la gesti\u00f3n&#8221;.<\/p>\n<p>A trav\u00e9s del Decreto 132\/2020, publicado este martes en el Bolet\u00edn Oficial, el Poder Ejecutivo impuso las &#8220;restricciones en materia de designaciones y contrataciones&#8221; ante la &#8220;necesidad de utilizar estrat\u00e9gicamente los recursos p\u00fablicos y su asignaci\u00f3n para hacer efectiva la gesti\u00f3n, as\u00ed como para conformar adecuadamente las plantas de personal&#8221;.<\/p>\n<p>Las \u00e1reas afectadas por la medida son la Administraci\u00f3n Nacional y los entes p\u00fablicos, aunque fueron excluidos la AFIP, el Servicio Penitenciario Federal, las universidades nacionales y las Fuerzas Armadas y de Seguridad.<\/p>\n<p>En el texto oficial, el Gobierno afirm\u00f3 que busca &#8220;priorizar&#8221; la prestaci\u00f3n de los servicios a cargo del Estado Nacional, &#8220;en especial, de los necesarios para la atenci\u00f3n de los sectores m\u00e1s vulnerados&#8221;.<\/p>\n<p>De todos modos, se aclar\u00f3 que &#8220;dichos procedimientos y l\u00edmites no deben ir en desmedro de la posibilidad de realizar designaciones y contrataciones de personal cuando se cumplen las condiciones de necesidad, presupuesto o estrat\u00e9gicas, ni deben obstaculizar la necesidad de cubrir cargos esenciales&#8221;.<\/p>\n<p>Asimismo, el decreto indica que durante los 180 d\u00edas en que se congelan las incorporaciones la Secretar\u00eda de Gesti\u00f3n y Empleo P\u00fablico deber\u00e1 realizar un informe en el que consten las dotaciones de personal que conforman la planta permanente y transitoria, como as\u00ed tambi\u00e9n del personal contratado en sus diversas modalidades de los organismos del Sector P\u00fablico Nacional a los fines de &#8220;contar con la informaci\u00f3n adecuada para optimizar la gesti\u00f3n de gobierno&#8221;.<\/p>\n<p>El decreto fue rubricado por el presidente Alberto Fern\u00e1ndez; el jefe de Gabinete, Santiago Cafiero; y el ministro de Econom\u00eda, Mart\u00edn Guzm\u00e1n.<\/p>\n","protected":false},"excerpt":{"rendered":"<p>As\u00ed fue comunicado este martes, a trav\u00e9s del Bolet\u00edn Oficial. En tanto, se anunci\u00f3 que har\u00e1 una revisi\u00f3n de los puestos actuales para &#8220;contar con la informaci\u00f3n adecuada para optimizar la gesti\u00f3n&#8221; &nbsp; &nbsp; El Gobierno limit\u00f3 hoy las designaciones y contrataciones en el Estado por un plazo de seis meses, al tiempo que anunci\u00f3 que har\u00e1 una revisi\u00f3n de los puestos actuales para &#8220;contar con la informaci\u00f3n adecuada para optimizar la gesti\u00f3n&#8221;. A trav\u00e9s del Decreto 132\/2020, publicado este martes en el Bolet\u00edn Oficial, el Poder Ejecutivo impuso las&#8230;<\/p>\n","protected":false},"author":3,"featured_media":57622,"comment_status":"closed","ping_status":"closed","sticky":false,"template":"","format":"standard","meta":[],"categories":[9],"tags":[],"_links":{"self":[{"href":"https:\/\/www.actualidadadiario.com\/index.php\/wp-json\/wp\/v2\/posts\/57621"}],"collection":[{"href":"https:\/\/www.actualidadadiario.com\/index.php\/wp-json\/wp\/v2\/posts"}],"about":[{"href":"https:\/\/www.actualidadadiario.com\/index.php\/wp-json\/wp\/v2\/types\/post"}],"author":[{"embeddable":true,"href":"https:\/\/www.actualidadadiario.com\/index.php\/wp-json\/wp\/v2\/users\/3"}],"replies":[{"embeddable":true,"href":"https:\/\/www.actualidadadiario.com\/index.php\/wp-json\/wp\/v2\/comments?post=57621"}],"version-history":[{"count":1,"href":"https:\/\/www.actualidadadiario.com\/index.php\/wp-json\/wp\/v2\/posts\/57621\/revisions"}],"predecessor-version":[{"id":57623,"href":"https:\/\/www.actualidadadiario.com\/index.php\/wp-json\/wp\/v2\/posts\/57621\/revisions\/57623"}],"wp:featuredmedia":[{"embeddable":true,"href":"https:\/\/www.actualidadadiario.com\/index.php\/wp-json\/wp\/v2\/media\/57622"}],"wp:attachment":[{"href":"https:\/\/www.actualidadadiario.com\/index.php\/wp-json\/wp\/v2\/media?parent=57621"}],"wp:term":[{"taxonomy":"category","embeddable":true,"href":"https:\/\/www.actualidadadiario.com\/index.php\/wp-json\/wp\/v2\/categories?post=57621"},{"taxonomy":"post_tag","embeddable":true,"href":"https:\/\/www.actualidadadiario.com\/index.php\/wp-json\/wp\/v2\/tags?post=57621"}],"curies":[{"name":"wp","href":"https:\/\/api.w.org\/{rel}","templated":true}]}}