{"id":57617,"date":"2020-02-11T11:34:51","date_gmt":"2020-02-11T14:34:51","guid":{"rendered":"https:\/\/www.actualidadadiario.com\/?p=57617"},"modified":"2020-02-11T11:34:51","modified_gmt":"2020-02-11T14:34:51","slug":"lanzaran-un-satelite-dentro-de-unos-dias-y-ya-esta-planeado-poner-en-orbita-el-arsat-3","status":"publish","type":"post","link":"https:\/\/www.actualidadadiario.com\/index.php\/2020\/02\/11\/lanzaran-un-satelite-dentro-de-unos-dias-y-ya-esta-planeado-poner-en-orbita-el-arsat-3\/","title":{"rendered":"Lanzar\u00e1n un sat\u00e9lite \u201cdentro de unos d\u00edas\u201d y ya est\u00e1 planeado poner en \u00f3rbita el ARSAT 3"},"content":{"rendered":"<p style=\"text-align: center;\"><em><strong>El ministro de Ciencia, Tecnolog\u00eda e Innovaci\u00f3n, Roberto Salvarezza, anunci\u00f3 que el lanzamiento del sat\u00e9lite ARSAT 3 \u201cest\u00e1 planeado para el 2023\u201d y confirm\u00f3 que \u201cdentro de unos d\u00edas\u201d pondr\u00e1n en \u00f3rbita otro aparato. Adem\u00e1s, resalt\u00f3 que incrementaron \u201cel monto de las becas\u201d y afirm\u00f3 que \u201cArgentina va a volver a ser el pa\u00eds l\u00edder\u201d del sector \u201cen Latinoam\u00e9rica\u201d<\/strong><\/em><\/p>\n<p>&nbsp;<\/p>\n<p>\u201cEstamos volviendo a retomar aquel camino que iniciara en 2003 con N\u00e9stor Kirchner y que luego Cristina Kirchner apuntalara con la creaci\u00f3n de un Ministerio de Ciencia\u201d, coment\u00f3 el expresidente del CONICET a la hora de revelar las nuevas novedades. Primero, destac\u00f3 que \u201cun hecho muy importante fue mejorar el monto de las becas que estaba por debajo de la l\u00ednea de pobreza\u201d.<\/p>\n<p>En este sentido, explic\u00f3 que \u201cla idea es recuperar los recursos y la gente que se perdi\u00f3 durante estos cuatro a\u00f1os\u201d de la gesti\u00f3n de Cambiemos y asever\u00f3 que tom\u00f3 \u201cuna ex Secretar\u00eda donde no hab\u00eda pol\u00edticas\u201d. \u201cEl desarrollo de las sociedades implica tener valor agregado, poder colocar conocimiento, innovaci\u00f3n y tecnolog\u00eda en nuestro producto\u201d, manifest\u00f3.<\/p>\n<p>De esta manera, insisti\u00f3 que nuestro pa\u00eds \u201cha retomado el camino de utilizar el conocimiento para el desarrollo\u201d y en di\u00e1logo con el programa \u201cMa\u00f1ana Sylvestre\u201d, de Radio 10, el del Frente de Todos augur\u00f3 un futuro prometedor: \u201cArgentina va a volver a apostar a la ciencia y a la tecnolog\u00eda, va a volver a ser el pa\u00eds l\u00edder en Latinoam\u00e9rica que era en este rubro\u201d.<\/p>\n<p>As\u00ed, comunic\u00f3 que \u201cse est\u00e1 trabajando en el ARSAT 3\u201d y adelant\u00f3 que su lanzamiento \u201cest\u00e1 planeado para el 2023\u201d. \u201cNo solo se est\u00e1 trabajando en este; dentro de unos d\u00edas, estamos poniendo en \u00f3rbita el sat\u00e9lite de observaci\u00f3n que va a permitir a la Argentina contar con datos concretos sobre riesgos y datos fundamentales para pol\u00edticas p\u00fablicas\u201d, anunci\u00f3.<\/p>\n","protected":false},"excerpt":{"rendered":"<p>El ministro de Ciencia, Tecnolog\u00eda e Innovaci\u00f3n, Roberto Salvarezza, anunci\u00f3 que el lanzamiento del sat\u00e9lite ARSAT 3 \u201cest\u00e1 planeado para el 2023\u201d y confirm\u00f3 que \u201cdentro de unos d\u00edas\u201d pondr\u00e1n en \u00f3rbita otro aparato. Adem\u00e1s, resalt\u00f3 que incrementaron \u201cel monto de las becas\u201d y afirm\u00f3 que \u201cArgentina va a volver a ser el pa\u00eds l\u00edder\u201d del sector \u201cen Latinoam\u00e9rica\u201d &nbsp; \u201cEstamos volviendo a retomar aquel camino que iniciara en 2003 con N\u00e9stor Kirchner y que luego Cristina Kirchner apuntalara con la creaci\u00f3n de un Ministerio de Ciencia\u201d, coment\u00f3 el expresidente&#8230;<\/p>\n","protected":false},"author":3,"featured_media":57618,"comment_status":"closed","ping_status":"closed","sticky":false,"template":"","format":"standard","meta":[],"categories":[2],"tags":[],"_links":{"self":[{"href":"https:\/\/www.actualidadadiario.com\/index.php\/wp-json\/wp\/v2\/posts\/57617"}],"collection":[{"href":"https:\/\/www.actualidadadiario.com\/index.php\/wp-json\/wp\/v2\/posts"}],"about":[{"href":"https:\/\/www.actualidadadiario.com\/index.php\/wp-json\/wp\/v2\/types\/post"}],"author":[{"embeddable":true,"href":"https:\/\/www.actualidadadiario.com\/index.php\/wp-json\/wp\/v2\/users\/3"}],"replies":[{"embeddable":true,"href":"https:\/\/www.actualidadadiario.com\/index.php\/wp-json\/wp\/v2\/comments?post=57617"}],"version-history":[{"count":1,"href":"https:\/\/www.actualidadadiario.com\/index.php\/wp-json\/wp\/v2\/posts\/57617\/revisions"}],"predecessor-version":[{"id":57619,"href":"https:\/\/www.actualidadadiario.com\/index.php\/wp-json\/wp\/v2\/posts\/57617\/revisions\/57619"}],"wp:featuredmedia":[{"embeddable":true,"href":"https:\/\/www.actualidadadiario.com\/index.php\/wp-json\/wp\/v2\/media\/57618"}],"wp:attachment":[{"href":"https:\/\/www.actualidadadiario.com\/index.php\/wp-json\/wp\/v2\/media?parent=57617"}],"wp:term":[{"taxonomy":"category","embeddable":true,"href":"https:\/\/www.actualidadadiario.com\/index.php\/wp-json\/wp\/v2\/categories?post=57617"},{"taxonomy":"post_tag","embeddable":true,"href":"https:\/\/www.actualidadadiario.com\/index.php\/wp-json\/wp\/v2\/tags?post=57617"}],"curies":[{"name":"wp","href":"https:\/\/api.w.org\/{rel}","templated":true}]}}