{"id":57615,"date":"2020-02-11T11:34:12","date_gmt":"2020-02-11T14:34:12","guid":{"rendered":"https:\/\/www.actualidadadiario.com\/?p=57615"},"modified":"2020-02-11T11:34:12","modified_gmt":"2020-02-11T14:34:12","slug":"como-seran-los-futuros-aumentos-de-los-servicios-publicos","status":"publish","type":"post","link":"https:\/\/www.actualidadadiario.com\/index.php\/2020\/02\/11\/como-seran-los-futuros-aumentos-de-los-servicios-publicos\/","title":{"rendered":"C\u00f3mo ser\u00e1n los futuros aumentos de los servicios p\u00fablicos"},"content":{"rendered":"<p style=\"text-align: center;\"><em><strong>Tras 180 d\u00edas de congelamiento de tarifas, en el Gobierno ya est\u00e1n trabajando respecto a los posibles ajustes a partir del d\u00eda 181<\/strong><\/em><\/p>\n<p>&nbsp;<\/p>\n<p>&nbsp;<\/p>\n<p>\u201cEstamos realizando un trabajo muy minucioso de segmentaci\u00f3n de los cuadros tarifarios con el prop\u00f3sito de proteger sobre todo a la clase media y cobrar m\u00e1s a los que m\u00e1s tienen\u201d, adelant\u00f3 una alta fuente del Gobierno. Al respecto, se\u00f1al\u00f3 que \u201cnecesitamos que la clase media no vea da\u00f1ado sus ingresos por los costos de los servicios p\u00fablicos para que as\u00ed cuenten con capacidad de consumo para reactivar la econom\u00eda\u201d.<\/p>\n<p>Cabe se\u00f1alar que por 180 d\u00edas est\u00e1n congeladas las tarifas de los servicios p\u00fablicos y de los combustibles pero en el Gobierno ya est\u00e1n trabajando respecto a los posibles ajustes a partir del d\u00eda 181. Un tema que preocupa a nivel oficial es que, a pesar de pr\u00e1cticamente haber congelado la mayor\u00eda de los precios, la inflaci\u00f3n a\u00fan se ubica por encima de los 3 puntos. \u201cSi bien la inflaci\u00f3n se est\u00e1 desacelerando no a la velocidad que se esperaba\u201d, se lamentan.<\/p>\n<p>Respecto al tema tarifario la premisa del presidente Alberto Fern\u00e1ndez es que el aumento recaiga sobre los m\u00e1s que tienen. En el caso de la clase media, en el Gobierno se afirma que la situaci\u00f3n de las finanzas familiares se encuentra seriamente deteriorada, pero descartan que el alivio pueda venir por una reducci\u00f3n impositiva. \u201cPor el momento, la necesidad de llevar adelante una pol\u00edtica fiscal responsable nos inhibe la posibilidad de recortar tributos\u201d.<\/p>\n<p>Precisamente, las urgencias del Tesoro llevan a que el gobierno deba ser medido en su pol\u00edtica de subsidios, de donde la f\u00f3rmula en la que est\u00e1n trabajando las autoridades para cuando comience el descongelamiento de las tarifas, es aplicar esquemas en los que los aumentos sean m\u00e1s que proporcionales para los consumos elevados, como forma de contrapesar ajustes de menor magnitud en las restantes escalas. Tambi\u00e9n se analiza el tema de la ubicaci\u00f3n geogr\u00e1fica de los hogares, es decir que se intenta aplicar \u201csinton\u00eda fina\u201d en los aumentos tarifarios.<\/p>\n<p>Admiten que el trabajo a\u00fan est\u00e1 en etapa de estudio pero que se lleva a cabo bajo la directiva presidencial \u201cla cuenta de la luz o el gas no debe ser un problema para la gente\u201d.<\/p>\n<p>En el caso de los combustibles la propuesta quedo en manos de las petroleras. El gobierno hace un par de semanas atr\u00e1s les pidi\u00f3 que presenten cu\u00e1l ser\u00eda el esquema ideal del ajuste en los combustibles pero teniendo en cuenta que el aumento \u201cno tengo un fuerte impacto inflacionario\u201d. Esta propuesta empresaria a\u00fan no fue acercada a las autoridades.<\/p>\n<p>&nbsp;<\/p>\n<p><strong>Equilibrio fiscal<\/strong><\/p>\n<p>Tambi\u00e9n los futuros aumentos tendr\u00e1n que tener en cuenta el tema fiscal. El posible acuerdo con el Fondo Monetario Internacional y la propuesta que se les ofrezca a los bonistas tendr\u00e1 que contemplar mesura en el gasto p\u00fablico.<\/p>\n<p>Cabe recordar que una de las primeras conversaciones que mantuvo Alberto con la titular del FMI, Kristalina Georgieva le anticipo que \u201cen la situaci\u00f3n en la que se encuentra la econom\u00eda argentina es dif\u00edcil propiciar un mayor ajuste\u201d.<\/p>\n<p>Esta l\u00ednea de pensamiento fue la expresada durante la gira europea y se dice que en l\u00edneas generales los pa\u00edses tuvieron una mirada comprensiva sobre este punto. En este sentido, el ministro de Econom\u00eda, Mart\u00edn Guzm\u00e1n siempre remarca la necesidad de la sustentabilidad de la deuda que implica tambi\u00e9n tener un plan consistente de la macro para que este sea posible.<\/p>\n<p>Un tema que sorprendi\u00f3 a m\u00e1s de un analista internacional, es que el cambio de administraci\u00f3n vino acompa\u00f1ado de especulaciones en cuanto a que el nuevo gobierno pod\u00eda llegar a llevar adelante una \u201cpol\u00edtica populista\u201d con despilfarro en las cuentas p\u00fablicas.<\/p>\n<p>&nbsp;<\/p>\n<p><strong>Llamados matinales<\/strong><\/p>\n<p>La realidad, al menos hasta ahora, es distinta. En la Casa Rosada se comenta que el presidente Alberto Fern\u00e1ndez sigue cotidianamente una pr\u00e1ctica que caracteriz\u00f3 a N\u00e9stor Kirchner cuando era primer mandatario. Se\u00f1alan que, al igual que el fallecido presidente, Fern\u00e1ndez se comunica a primera hora del d\u00eda con los responsables de \u00e1reas cr\u00edticas para saber \u201ccu\u00e1nto entra y cu\u00e1nto sale\u201d de las cuentas del Estado. As\u00ed, el primer mandatario pregunta a su ministro de Econom\u00eda, Mart\u00edn Guzm\u00e1n sobre la situaci\u00f3n del Tesoro, a Mercedes Marc\u00f3 del Pont, titular de la AFIP, sobre la marcha de la recaudaci\u00f3n impositiva, y con Miguel Pesce, presidente del Banco Central, para que informe sobre el nivel de las reservas en divisas.<\/p>\n<p>De la conversaci\u00f3n con los colaboradores m\u00e1s cercanos al primer mandatario, resulta evidente que Fern\u00e1ndez intenta en buena medida repetir las pol\u00edticas implementadas por N\u00e9stor Kirchner y que permitieron al pa\u00eds crecer a \u201ctasas chinas\u201d. No obstante, el punto de arranque de la actual administraci\u00f3n es m\u00e1s complejo. S\u00f3lo por citar algunos aspectos, el d\u00f3lar oficial a unos 60 pesos est\u00e1 bastante lejos de los cerca de 100 que lleg\u00f3 a cotizar (a precios de hoy) la divisa norteamericana (en la \u00e9poca de N\u00e9stor Kirchner), las finanzas p\u00fablicas se encuentran m\u00e1s comprometidas porque aument\u00f3 la asistencia social y el n\u00famero de jubilados y el boom precios de las materias primas qued\u00f3 atr\u00e1s.<\/p>\n<p>&nbsp;<\/p>\n<p><strong>Dudas de inversores<\/strong><\/p>\n<p>Otro tema no menor, que excede a la administraci\u00f3n de Alberto Fern\u00e1ndez, es que la Argentina ha seguido acumulando tanto incumplimientos en sus compromisos externos como frustraciones en su proceso de crecimiento, ya que no ha logrado salir del estancamiento econ\u00f3mico \u2013 hoy el producto bruto interno es equivalente al del 2011 -.<\/p>\n<p>Si le caben algunos antecedentes espec\u00edficos. Como comentan en c\u00edrculos empresarios hoy ya es bastante complicado el girar divisas para el pago de derechos de representaciones comerciales y el temor de m\u00e1s de un industrial, es que puedan volver \u201clas restricciones y controles que implement\u00f3 en su momento, el ex secretario de Comercio, Guillermo Moreno\u201d, que no solo complic\u00f3 sino que tambi\u00e9n fren\u00f3 la din\u00e1mica de la actividad productiva.<\/p>\n<p>Lo que est\u00e1 fuera de discusi\u00f3n, es que con estos antecedentes, Argentina es un territorio en el que los inversores tienen muchos m\u00e1s reparos que en otros lugares del mundo y en particular de Latinoam\u00e9rica, a la hora de pensar en enterrar capital.<\/p>\n<p>De acuerdo con lo que han se\u00f1alado fuentes del Ministerio de Producci\u00f3n, en el Gobiernos son conscientes de la necesidad de alentar inversiones pero sin perder de vista la necesidad de ser competitivos en el plano internacional. En este sentido, adelantan que los subsidios y protecciones que implemente el gobierno tendr\u00e1n como norte la necesidad de desarrollar sectores con capacidad de competir en el mundo y no s\u00f3lo abastecer al mercado interno, como fue, agregan, el resultado de pol\u00edticas del pasado.<\/p>\n<p>En cuanto a la orientaci\u00f3n de las pol\u00edticas, en la mesa chica del Presidente se se\u00f1ala que \u201cson las anunciadas por Alberto (Fern\u00e1ndez)\u201d. Comentan que su estilo de conducci\u00f3n es \u201cradial\u201d, es decir no es amigo de las reuniones multitudinarias de ministros, sino que tiene contactos personales con sus colaboradores a los que les da autonom\u00eda para actuar, lo cual no implica \u2013aclaran- que no haga un seguimiento de los temas.<\/p>\n<p>&nbsp;<\/p>\n<p><strong>Relaciones fluidas<\/strong><\/p>\n<p>Tambi\u00e9n rescatan la \u201cfluida\u201d relaci\u00f3n que el presidente tiene con el Gobernador de la provincia de Buenos Aires, Axel Kicillof. Al respecto, recuerdan que tras lograr la aceptaci\u00f3n de Alberto a la candidatura propuesta por Cristina Fern\u00e1ndez de Kirchner que lo llevar\u00eda a la presidencia, la ex mandataria le plante\u00f3 que \u201ctrabaje codo a codo\u201d con Kicillof, quien es visto en el entorno de kirchnerismo no s\u00f3lo como el principal referente econ\u00f3mico de Cristina, sino tambi\u00e9n como su \u201cdelf\u00edn\u201d.<\/p>\n<p>De esta manera desautorizan a los que sostienen que existan diferencias entre la provincia de Buenos Aires y el Poder Ejecutivo, como asimismo descartan tambi\u00e9n que pueda haber desavenencias entre Cristina y Alberto, \u201chay coordinaci\u00f3n permanente\u201d, explican.<\/p>\n","protected":false},"excerpt":{"rendered":"<p>Tras 180 d\u00edas de congelamiento de tarifas, en el Gobierno ya est\u00e1n trabajando respecto a los posibles ajustes a partir del d\u00eda 181 &nbsp; &nbsp; \u201cEstamos realizando un trabajo muy minucioso de segmentaci\u00f3n de los cuadros tarifarios con el prop\u00f3sito de proteger sobre todo a la clase media y cobrar m\u00e1s a los que m\u00e1s tienen\u201d, adelant\u00f3 una alta fuente del Gobierno. Al respecto, se\u00f1al\u00f3 que \u201cnecesitamos que la clase media no vea da\u00f1ado sus ingresos por los costos de los servicios p\u00fablicos para que as\u00ed cuenten con capacidad de&#8230;<\/p>\n","protected":false},"author":3,"featured_media":18388,"comment_status":"closed","ping_status":"closed","sticky":false,"template":"","format":"standard","meta":[],"categories":[2],"tags":[],"_links":{"self":[{"href":"https:\/\/www.actualidadadiario.com\/index.php\/wp-json\/wp\/v2\/posts\/57615"}],"collection":[{"href":"https:\/\/www.actualidadadiario.com\/index.php\/wp-json\/wp\/v2\/posts"}],"about":[{"href":"https:\/\/www.actualidadadiario.com\/index.php\/wp-json\/wp\/v2\/types\/post"}],"author":[{"embeddable":true,"href":"https:\/\/www.actualidadadiario.com\/index.php\/wp-json\/wp\/v2\/users\/3"}],"replies":[{"embeddable":true,"href":"https:\/\/www.actualidadadiario.com\/index.php\/wp-json\/wp\/v2\/comments?post=57615"}],"version-history":[{"count":1,"href":"https:\/\/www.actualidadadiario.com\/index.php\/wp-json\/wp\/v2\/posts\/57615\/revisions"}],"predecessor-version":[{"id":57616,"href":"https:\/\/www.actualidadadiario.com\/index.php\/wp-json\/wp\/v2\/posts\/57615\/revisions\/57616"}],"wp:featuredmedia":[{"embeddable":true,"href":"https:\/\/www.actualidadadiario.com\/index.php\/wp-json\/wp\/v2\/media\/18388"}],"wp:attachment":[{"href":"https:\/\/www.actualidadadiario.com\/index.php\/wp-json\/wp\/v2\/media?parent=57615"}],"wp:term":[{"taxonomy":"category","embeddable":true,"href":"https:\/\/www.actualidadadiario.com\/index.php\/wp-json\/wp\/v2\/categories?post=57615"},{"taxonomy":"post_tag","embeddable":true,"href":"https:\/\/www.actualidadadiario.com\/index.php\/wp-json\/wp\/v2\/tags?post=57615"}],"curies":[{"name":"wp","href":"https:\/\/api.w.org\/{rel}","templated":true}]}}