{"id":57612,"date":"2020-02-11T11:33:18","date_gmt":"2020-02-11T14:33:18","guid":{"rendered":"https:\/\/www.actualidadadiario.com\/?p=57612"},"modified":"2020-02-11T11:33:18","modified_gmt":"2020-02-11T14:33:18","slug":"vicentin-va-a-concurso-de-acreedores-tras-default-de-us1-300-millones","status":"publish","type":"post","link":"https:\/\/www.actualidadadiario.com\/index.php\/2020\/02\/11\/vicentin-va-a-concurso-de-acreedores-tras-default-de-us1-300-millones\/","title":{"rendered":"Vicentin va a concurso de acreedores tras default de u$s1.300 millones"},"content":{"rendered":"<p style=\"text-align: center;\"><em><strong>La empresa present\u00f3 el pedido ante la Justicia de Santa Fe. Pretende seguir negociando con sus acreedores &#8220;sobre la base de las condiciones ya planteadas&#8221;. Pero esa propuesta de pago con mayores plazos ya fue rechazada por bancos y proveedores<\/strong><\/em><\/p>\n<p>&nbsp;<\/p>\n<p>&nbsp;<\/p>\n<p>Le quedaban pocas opciones a la firma agroindustrial Vicentin y luego de dos meses de haberse declarado oficialmente en default con deudas por u$s1.350 millones, ayer inform\u00f3 que pidi\u00f3 la apertura del concurso de acreedores ante la Justicia comercial de la provincia de Santa Fe. En su edici\u00f3n del jueves 6 \u00c1mbito Financiero hab\u00eda anticipado esta decisi\u00f3n.<\/p>\n<p>Seg\u00fan detall\u00f3 ayer la empresa en un comunicado, la causa recay\u00f3 en el Juzgado de Primera Instancia Distrito N\u00b0 4 en lo Civil y Comercial de Reconquista.<\/p>\n<p>En la pr\u00e1ctica, esto significa que a partir de ahora la Justicia vigilar\u00e1 el camino que recorra la firma agroindustrial que busca refinanciar sus millonarias deudas y en paralelo pretende reactivar cuanto antes sus dos plantas industriales ubicadas en la provincia de Santa Fe.<\/p>\n<p>En este contexto, la firma reiter\u00f3, una vez m\u00e1s, su intenci\u00f3n de salir cuanto antes de esta situaci\u00f3n. Incluso en el escrito enviado a los medios explic\u00f3 que \u201cVicentin se propone continuar trabajando con sus proveedores y productores granarios sobre la base de las condiciones ya planteadas; as\u00ed como tambi\u00e9n seguir\u00e1 manteniendo las conversaciones avanzadas con el Banco de la Naci\u00f3n Argentina y dem\u00e1s Instituciones Oficiales y con el resto de las Instituciones Financieras, todo ello con el objeto de llegar a un acuerdo general apoyado en un plan de negocios sustentable sobre esas bases y en el marco de este nuevo contexto\u201d.<\/p>\n<p>Vicentin buscaba esquivar la instancia del concurso de acreedores desde diciembre pasado, cuando se declar\u00f3 en default. Incluso su directorio confiaba en que llegar\u00eda a acordar un plan de pagos con sus acreedores.<\/p>\n<p>En una primera instancia aspiraba a lograr una sustancial quita en el monto de su deuda por parte del Banco Naci\u00f3n, a quien le debe m\u00e1s de $18.300 millones por un pol\u00e9mico cr\u00e9dito que recibi\u00f3 durante la gesti\u00f3n de Javier Gonz\u00e1lez Fraga. Y tambi\u00e9n propuso plazos de pago de hasta ocho a\u00f1os para sus acreedores del sector granario, con un pago inicial de 20%. Los que siguieron proveyendo granos podr\u00edan cobrar en 6 a\u00f1os. Ninguna de estas opciones fue aceptada y enseguida comenzaron a acumularse presentaciones judiciales. Algunos pidieron el embargo de sus bienes y otros, la quiebra.<\/p>\n<p>En paralelo estaba latente la posibilidad de que la empresa vendiera alguno de sus bienes para reunir dinero en efectivo y as\u00ed liquidar deudas. Pero esto tampoco fue posible. En un primer momento, los due\u00f1os de Vicentin no quer\u00edan ceder y por m\u00e1s que el default ya era una realidad, buscaban conservar el control de la empresa. A lo sumo, esbozaban la idea de sumar un \u201csocio estrat\u00e9gico\u201d.<\/p>\n<p>En concreto, recibieron m\u00e1s de una oferta de compra por parte de dos empresas multinacionales y una nacional, pero no hubo acuerdo sobre el valor de la operaci\u00f3n y todo volvi\u00f3 a foja cero.<\/p>\n<p>Ahora, con la presentaci\u00f3n del concurso de acreedores, ser\u00e1 la Justicia la que eval\u00fae la viabilidad o no de un proceso de venta de activos y determinar\u00e1 a qu\u00e9 precio. L\u00f3gicamente este escenario es poco conveniente para la firma agroindustrial, que hasta el a\u00f1o pasado estaba entre las l\u00edderes locales en procesamiento y exportaci\u00f3n de granos.<\/p>\n<p>Un cap\u00edtulo aparte son sus acreedores del sector primario, m\u00e1s precisamente productores, acopios y cooperativas que le vendieron granos. A partir del default de Vicentin este grupo afronta a su vez un descalce financiero que tiene en alerta al sector agroindustrial local. Por lo pronto, la semana pasada cay\u00f3 en default la primera corredora de granos afectada por esta situaci\u00f3n.<\/p>\n","protected":false},"excerpt":{"rendered":"<p>La empresa present\u00f3 el pedido ante la Justicia de Santa Fe. Pretende seguir negociando con sus acreedores &#8220;sobre la base de las condiciones ya planteadas&#8221;. Pero esa propuesta de pago con mayores plazos ya fue rechazada por bancos y proveedores &nbsp; &nbsp; Le quedaban pocas opciones a la firma agroindustrial Vicentin y luego de dos meses de haberse declarado oficialmente en default con deudas por u$s1.350 millones, ayer inform\u00f3 que pidi\u00f3 la apertura del concurso de acreedores ante la Justicia comercial de la provincia de Santa Fe. En su edici\u00f3n&#8230;<\/p>\n","protected":false},"author":3,"featured_media":57613,"comment_status":"closed","ping_status":"closed","sticky":false,"template":"","format":"standard","meta":[],"categories":[2],"tags":[],"_links":{"self":[{"href":"https:\/\/www.actualidadadiario.com\/index.php\/wp-json\/wp\/v2\/posts\/57612"}],"collection":[{"href":"https:\/\/www.actualidadadiario.com\/index.php\/wp-json\/wp\/v2\/posts"}],"about":[{"href":"https:\/\/www.actualidadadiario.com\/index.php\/wp-json\/wp\/v2\/types\/post"}],"author":[{"embeddable":true,"href":"https:\/\/www.actualidadadiario.com\/index.php\/wp-json\/wp\/v2\/users\/3"}],"replies":[{"embeddable":true,"href":"https:\/\/www.actualidadadiario.com\/index.php\/wp-json\/wp\/v2\/comments?post=57612"}],"version-history":[{"count":1,"href":"https:\/\/www.actualidadadiario.com\/index.php\/wp-json\/wp\/v2\/posts\/57612\/revisions"}],"predecessor-version":[{"id":57614,"href":"https:\/\/www.actualidadadiario.com\/index.php\/wp-json\/wp\/v2\/posts\/57612\/revisions\/57614"}],"wp:featuredmedia":[{"embeddable":true,"href":"https:\/\/www.actualidadadiario.com\/index.php\/wp-json\/wp\/v2\/media\/57613"}],"wp:attachment":[{"href":"https:\/\/www.actualidadadiario.com\/index.php\/wp-json\/wp\/v2\/media?parent=57612"}],"wp:term":[{"taxonomy":"category","embeddable":true,"href":"https:\/\/www.actualidadadiario.com\/index.php\/wp-json\/wp\/v2\/categories?post=57612"},{"taxonomy":"post_tag","embeddable":true,"href":"https:\/\/www.actualidadadiario.com\/index.php\/wp-json\/wp\/v2\/tags?post=57612"}],"curies":[{"name":"wp","href":"https:\/\/api.w.org\/{rel}","templated":true}]}}