{"id":57610,"date":"2020-02-11T11:32:35","date_gmt":"2020-02-11T14:32:35","guid":{"rendered":"https:\/\/www.actualidadadiario.com\/?p=57610"},"modified":"2020-02-11T11:32:35","modified_gmt":"2020-02-11T14:32:35","slug":"supermercados-provinciales-ya-ofrecen-precios-cuidados-y-firmaran-mayoristas","status":"publish","type":"post","link":"https:\/\/www.actualidadadiario.com\/index.php\/2020\/02\/11\/supermercados-provinciales-ya-ofrecen-precios-cuidados-y-firmaran-mayoristas\/","title":{"rendered":"Supermercados provinciales ya ofrecen Precios Cuidados y firmar\u00e1n mayoristas"},"content":{"rendered":"<p style=\"text-align: center;\"><em><strong>En lo que significa un gran avance del resto de los canales de comercializaci\u00f3n, las principales cadenas de hipermercados provinciales ya comenzaron a adherir al programa Precios Cuidados, al tiempo que esta semana se sumar\u00edan los autoservicios mayoristas y antes de marzo, los supermercados chinos y almacenes<\/strong><\/em><\/p>\n<p>&nbsp;<\/p>\n<p>El presidente de la Federaci\u00f3n Argentina de Supermercados y Autoservicios (FASA), V\u00edctor Palpacelli, adelant\u00f3 que &#8220;el 35% de las cadenas del sector ya se sum\u00f3 a Precios Cuidados recientemente, y se espera que el 65% restante lo haga en los pr\u00f3ximos d\u00edas&#8221;. &#8220;Somos conscientes que la ansiedad a veces choca con el muy serio esquema de trabajo del Ministerio de Desarrollo Productivo, que tiene sus protocolos de adhesi\u00f3n&#8221;, sostuvo.<\/p>\n<p>El titular de la c\u00e1mara mayorista Cadam, Alberto Guida, se\u00f1al\u00f3 que &#8220;seguramente se firmar\u00e1 esta semana&#8221; la adhesi\u00f3n de los autoservicios al plan oficial. En el Gobierno esperan la propuesta de las c\u00e1maras comerciantes de origen chino, que deben acordar con sus proveedores los productos que integrar\u00e1n la lista de Precios Cuidados. La presidenta de los supermercados chinos enrolados en Cedeapsa, Yolanda Dur\u00e1n, confirm\u00f3 a este medio las &#8220;conversaciones con la Secretar\u00eda de Comercio Interior&#8221;, y se mostr\u00f3 esperanzada en que todos los puntos de venta que ella representa se sumen &#8220;pronto para incrementar las ventas&#8221;.<\/p>\n<p>En forma paralela, Sergio L\u00f3pez, presidente de la C\u00e1mara de Supermercados de Rosario y la Regi\u00f3n (CASAR), dijo a este diario que &#8220;luego de un decreto del gobernador Omar Perotti, se comenz\u00f3 con los precios Santa Fe, con una lista de noventa productos&#8221;. Agreg\u00f3 que &#8220;es fundamental sumar marcas regionales del sector pyme&#8221;, al sostener que &#8220;en Santa Fe es la idea que se lleva adelante&#8221;. En otras provincias, se piensa en un esquema de entre 70 y 80 productos que se deber\u00eda armar seg\u00fan cada regi\u00f3n del pa\u00eds.<\/p>\n","protected":false},"excerpt":{"rendered":"<p>En lo que significa un gran avance del resto de los canales de comercializaci\u00f3n, las principales cadenas de hipermercados provinciales ya comenzaron a adherir al programa Precios Cuidados, al tiempo que esta semana se sumar\u00edan los autoservicios mayoristas y antes de marzo, los supermercados chinos y almacenes &nbsp; El presidente de la Federaci\u00f3n Argentina de Supermercados y Autoservicios (FASA), V\u00edctor Palpacelli, adelant\u00f3 que &#8220;el 35% de las cadenas del sector ya se sum\u00f3 a Precios Cuidados recientemente, y se espera que el 65% restante lo haga en los pr\u00f3ximos d\u00edas&#8221;&#8230;.<\/p>\n","protected":false},"author":3,"featured_media":56484,"comment_status":"closed","ping_status":"closed","sticky":false,"template":"","format":"standard","meta":[],"categories":[2],"tags":[],"_links":{"self":[{"href":"https:\/\/www.actualidadadiario.com\/index.php\/wp-json\/wp\/v2\/posts\/57610"}],"collection":[{"href":"https:\/\/www.actualidadadiario.com\/index.php\/wp-json\/wp\/v2\/posts"}],"about":[{"href":"https:\/\/www.actualidadadiario.com\/index.php\/wp-json\/wp\/v2\/types\/post"}],"author":[{"embeddable":true,"href":"https:\/\/www.actualidadadiario.com\/index.php\/wp-json\/wp\/v2\/users\/3"}],"replies":[{"embeddable":true,"href":"https:\/\/www.actualidadadiario.com\/index.php\/wp-json\/wp\/v2\/comments?post=57610"}],"version-history":[{"count":1,"href":"https:\/\/www.actualidadadiario.com\/index.php\/wp-json\/wp\/v2\/posts\/57610\/revisions"}],"predecessor-version":[{"id":57611,"href":"https:\/\/www.actualidadadiario.com\/index.php\/wp-json\/wp\/v2\/posts\/57610\/revisions\/57611"}],"wp:featuredmedia":[{"embeddable":true,"href":"https:\/\/www.actualidadadiario.com\/index.php\/wp-json\/wp\/v2\/media\/56484"}],"wp:attachment":[{"href":"https:\/\/www.actualidadadiario.com\/index.php\/wp-json\/wp\/v2\/media?parent=57610"}],"wp:term":[{"taxonomy":"category","embeddable":true,"href":"https:\/\/www.actualidadadiario.com\/index.php\/wp-json\/wp\/v2\/categories?post=57610"},{"taxonomy":"post_tag","embeddable":true,"href":"https:\/\/www.actualidadadiario.com\/index.php\/wp-json\/wp\/v2\/tags?post=57610"}],"curies":[{"name":"wp","href":"https:\/\/api.w.org\/{rel}","templated":true}]}}