{"id":57602,"date":"2020-02-11T11:30:31","date_gmt":"2020-02-11T14:30:31","guid":{"rendered":"https:\/\/www.actualidadadiario.com\/?p=57602"},"modified":"2020-02-11T11:30:31","modified_gmt":"2020-02-11T14:30:31","slug":"cuando-empiezan-las-clases-y-cuando-son-las-vacaciones-de-invierno-en-cada-provincia","status":"publish","type":"post","link":"https:\/\/www.actualidadadiario.com\/index.php\/2020\/02\/11\/cuando-empiezan-las-clases-y-cuando-son-las-vacaciones-de-invierno-en-cada-provincia\/","title":{"rendered":"Cu\u00e1ndo empiezan las clases y cu\u00e1ndo son las vacaciones de invierno en cada provincia"},"content":{"rendered":"<p style=\"text-align: center;\"><em><strong>El Ministerio de Educaci\u00f3n nacional confirm\u00f3 el Calendario Escolar 2020, que determina el inicio del ciclo lectivo y los recesos vigentes para el a\u00f1o en curso. En la mayor\u00eda de los distritos las clases empezar\u00e1n el 2 de marzo, con excepci\u00f3n de Chubut y Mendoza, donde arrancan el 26 de febrero, y Misiones donde fueron programadas para el 9 de marzo<\/strong><\/em><\/p>\n<p>&nbsp;<\/p>\n<p>&nbsp;<\/p>\n<p>Si bien no es la cartera nacional la encargada de determinar las fechas del calendario escolar, ya que es prerrogativa de cada jurisdicci\u00f3n, el Ministerio centraliz\u00f3 lo determinado por cada provincia y gener\u00f3 un listado \u00fanico con la informaci\u00f3n oficial.<\/p>\n<p>Salvo tres provincias, todas las jurisdicciones empezar\u00e1n las clases el 2 de marzo. Tanto la provincia de Buenos Aires, como Capital Federal, Jujuy, Santiago del Estero, Santa Cruz y Tierra del Fuego tendr\u00e1n el receso invernal del 20 al 31 de julio. Todos estos distritos planean finalizar el ciclo el 18 de diciembre, mientras que Santa Cruz lo har\u00e1 el 15.<\/p>\n<p>Catamarca, Chaco, C\u00f3rdoba, Corrientes, Entre R\u00edos, Formosa, La Pampa, R\u00edo Negro, Salta, San Juan, San Luis, Santa Fe y Tucum\u00e1n tambi\u00e9n arrancar\u00e1n las clases el 2 de marzo pero cortar\u00e1n antes por las vacaciones de invierno, que ser\u00e1n del 13 al 24 de julio.<\/p>\n<p>Algunas provincias finalizar\u00e1n el ciclo lectivo el 11 de diciembre. Es el caso de Catamarca, Corrientes, Entre R\u00edos, Formosa, La Rioja, Mendoza, San Juan, San Luis y Santiago del Estero.<\/p>\n<p>C\u00f3rdoba y Santa Cruz finalizar\u00e1n las clases el 15 de diciembre, La Pampa y Tucum\u00e1n, el 16 y Chubut y Salta, el 17.<\/p>\n<p>Se diferencian del resto de las provincias Chubut y Mendoza, que comenzar\u00e1n el ciclo lectivo el 26 de febrero y tendr\u00e1n vacaciones de invierno entre el 6 y 17 de julio. En Neuqu\u00e9n, las clases terminar\u00e1n el 23 de diciembre.<\/p>\n","protected":false},"excerpt":{"rendered":"<p>El Ministerio de Educaci\u00f3n nacional confirm\u00f3 el Calendario Escolar 2020, que determina el inicio del ciclo lectivo y los recesos vigentes para el a\u00f1o en curso. En la mayor\u00eda de los distritos las clases empezar\u00e1n el 2 de marzo, con excepci\u00f3n de Chubut y Mendoza, donde arrancan el 26 de febrero, y Misiones donde fueron programadas para el 9 de marzo &nbsp; &nbsp; Si bien no es la cartera nacional la encargada de determinar las fechas del calendario escolar, ya que es prerrogativa de cada jurisdicci\u00f3n, el Ministerio centraliz\u00f3 lo&#8230;<\/p>\n","protected":false},"author":3,"featured_media":57603,"comment_status":"closed","ping_status":"closed","sticky":false,"template":"","format":"standard","meta":[],"categories":[9],"tags":[],"_links":{"self":[{"href":"https:\/\/www.actualidadadiario.com\/index.php\/wp-json\/wp\/v2\/posts\/57602"}],"collection":[{"href":"https:\/\/www.actualidadadiario.com\/index.php\/wp-json\/wp\/v2\/posts"}],"about":[{"href":"https:\/\/www.actualidadadiario.com\/index.php\/wp-json\/wp\/v2\/types\/post"}],"author":[{"embeddable":true,"href":"https:\/\/www.actualidadadiario.com\/index.php\/wp-json\/wp\/v2\/users\/3"}],"replies":[{"embeddable":true,"href":"https:\/\/www.actualidadadiario.com\/index.php\/wp-json\/wp\/v2\/comments?post=57602"}],"version-history":[{"count":1,"href":"https:\/\/www.actualidadadiario.com\/index.php\/wp-json\/wp\/v2\/posts\/57602\/revisions"}],"predecessor-version":[{"id":57604,"href":"https:\/\/www.actualidadadiario.com\/index.php\/wp-json\/wp\/v2\/posts\/57602\/revisions\/57604"}],"wp:featuredmedia":[{"embeddable":true,"href":"https:\/\/www.actualidadadiario.com\/index.php\/wp-json\/wp\/v2\/media\/57603"}],"wp:attachment":[{"href":"https:\/\/www.actualidadadiario.com\/index.php\/wp-json\/wp\/v2\/media?parent=57602"}],"wp:term":[{"taxonomy":"category","embeddable":true,"href":"https:\/\/www.actualidadadiario.com\/index.php\/wp-json\/wp\/v2\/categories?post=57602"},{"taxonomy":"post_tag","embeddable":true,"href":"https:\/\/www.actualidadadiario.com\/index.php\/wp-json\/wp\/v2\/tags?post=57602"}],"curies":[{"name":"wp","href":"https:\/\/api.w.org\/{rel}","templated":true}]}}