{"id":57599,"date":"2020-02-11T11:29:46","date_gmt":"2020-02-11T14:29:46","guid":{"rendered":"https:\/\/www.actualidadadiario.com\/?p=57599"},"modified":"2020-02-11T11:29:46","modified_gmt":"2020-02-11T14:29:46","slug":"el-ministro-bahillo-acuso-a-la-dirigencia-del-campo-de-estar-forzando-la-conflictividad-con-fines-partidarios","status":"publish","type":"post","link":"https:\/\/www.actualidadadiario.com\/index.php\/2020\/02\/11\/el-ministro-bahillo-acuso-a-la-dirigencia-del-campo-de-estar-forzando-la-conflictividad-con-fines-partidarios\/","title":{"rendered":"El Ministro Bahillo acus\u00f3 a la dirigencia del campo de estar \u201cforzando la conflictividad\u201d con fines partidarios"},"content":{"rendered":"<p style=\"text-align: center;\"><em><strong>El ministro de Producci\u00f3n y Turismo Juan Jos\u00e9 Bahillo afirm\u00f3 que las protestas del sector rural por el impuesto inmobiliario rural se corresponden con una \u201cfijaci\u00f3n casi obsesiva\u201d buscando \u201cun elemento disruptivo\u201d, dado que la valuaci\u00f3n del tributo a\u00fan no ha sido realizada por el Gobierno. Asimismo, calific\u00f3 de \u201ccortoplacista y mezquina\u201d la actitud de poner este cuesti\u00f3n como la \u00fanica, dado que existe una agenda \u201crica y con desaf\u00edos por delante\u201d<\/strong><\/em><\/p>\n<p>&nbsp;<\/p>\n<p>&nbsp;<\/p>\n<p>\u201cAndar hablando sobre hip\u00f3tesis de conflicto, sobre supuestos que se dan como certeros y que no existen, es estar forzando la conflictividad\u201d, dijo el Ministro Bahillo respondiendo a los sectores rurales que cruzaron al Gobierno provincial, alegando un incremento importante en los montos que deber\u00e1n pagarse en concepto de impuesto inmobiliario rural.<\/p>\n<p>Poner esto como una \u201cfijaci\u00f3n casi obsesiva\u201d suena m\u00e1s a buscar \u201cun elemento disruptivo para diferenciarse, una excusa para hacer pol\u00edtica partidaria que ha construir una agenda del desarrollo productivo, que es la indicaci\u00f3n que tenemos del Gobernador Gustavo Bordet, y que vamos a hacer\u201d, agreg\u00f3.<\/p>\n<p>\u201cNos gustar\u00eda hacerla con los sectores de la producci\u00f3n y la mesa de enlace, pero parece que el \u00fanico tema que tienen es el impuesto inmobiliario rural, cuando faltan m\u00e1s de 90 d\u00edas para el vencimiento de este tributo. La evaluaci\u00f3n (del monto del gravamen) la haremos en estos d\u00edas; estamos a tiempo, lo consultaremos con ellos y lo charlaremos. Si nos podemos poner de acuerdo, bien. Y si no, asumiremos la responsabilidad que nos han dado los entrerrianos, que es llevar adelante la gesti\u00f3n provincial y las cuentas p\u00fablicas\u201d, sostuvo Bahillo en declaraciones al programa \u201cBuen d\u00eda\u201d (FM Litoral).<\/p>\n<p>El titular de la cartera de Producci\u00f3n remarc\u00f3 que existe una agenda \u201crica y con tantos desaf\u00edos por delante\u201d y que se viene de \u201cuna situaci\u00f3n que no es la ideal si no muy compleja con un modelo econ\u00f3mico que durante cuatro a\u00f1os ha destrozado la trama productiva y social del pa\u00eds\u201d.<\/p>\n<p>\u201cMe llama la atenci\u00f3n esta ansiedad por definir el n\u00famero del impuesto inmobiliario rural, cuando todav\u00eda se est\u00e1 evaluando. Poner un \u00fanico tema en la agenda productiva del desarrollo de nuestro sector primario me parece una mirada muy cortoplacista, muy mezquina\u201d, remarc\u00f3.<\/p>\n<p>\u201cDesde que asumimos, por instrucci\u00f3n del Gobernador, estamos trabajando en desarrollar una agenda productiva con todos los sectores de la producci\u00f3n. Tenemos 15 cadenas de valor en Entre R\u00edos y nos hemos reunido con casi todos, faltan muy pocos. Con cada uno de ellos hemos comenzado a dise\u00f1ar una agenda de trabajo, que tiene que ver con agregar valor a la producci\u00f3n, con el desarrollo de la infraestructura, de los puertos y ferrocarriles para ser m\u00e1s competitivos y sobre la rentabilidad que se merecen los productores\u201d, detall\u00f3.<\/p>\n<p>\u201cTambi\u00e9n nos hemos reunido con las instituciones del conocimiento para vincularlos con la producci\u00f3n, para darle m\u00e1s valor agregado para desarrollar mercados y ser m\u00e1s competitivos. Estamos trabajando fuertemente en elaborar l\u00edneas de financiamiento\u201d algo que es fundamental para lograr el \u201cdespegue de la actividad econ\u00f3mica\u201d, record\u00f3.<\/p>\n<p>\u201cSi detenemos la construcci\u00f3n de esa agenda en un solo tema, que es importante pero no determinante, y nos empantanamos, nos inmovilizamos, no estamos a la altura de las circunstancias, de las responsabilidades y de los desaf\u00edos que tenemos en estos d\u00edas. Nosotros no lo vamos a hacer. Ojal\u00e1 colaboren con nosotros\u201d, precis\u00f3.<\/p>\n<p>\u201cEsto de poner en duda de si el Gobernador los recibir\u00e1 o no es desconocer las caracter\u00edsticas de la gesti\u00f3n de Gustavo Bordet, que ha demostrado ser ampliamente receptivo y abierto al di\u00e1logo, que trabaja por la construcci\u00f3n de consensos. Eso es generar un antecedente de una circunstancia que no existe\u201d, abund\u00f3.<\/p>\n<p>\u201cParece que se busca m\u00e1s el elemento que nos disocie, que no nos permita trabajar juntos, que construir la agenda de trabajo\u201d, insisti\u00f3, se\u00f1alando: \u201c\u00daltimamente, ciertos dirigentes del gremialismo agropecuario han distorsionado fuertemente el leg\u00edtimo reclamo de los productores\u201d trocando el \u201cejercicio por el reclamos de su sector en una militancia activa por un partido pol\u00edtico. Esto no lo podemos desconocer. No podemos caer en la ingenuidad de que algunos dirigentes del sector en vez de hacer foco en la problem\u00e1tica del sector, est\u00e1n buscando la queja y el desgaste permanente de un gobierno para llegar a una cuesti\u00f3n electoral. Algunos discursos de estas \u00faltimas semanas se parec\u00edan m\u00e1s a los de a\u00f1os electorales\u201d,<\/p>\n<p>\u201cHay algunos dirigentes de sectores gremiales del campo que tienen un discurso que raya m\u00e1s lo electoral que lo productivo\u201d, acus\u00f3.<\/p>\n","protected":false},"excerpt":{"rendered":"<p>El ministro de Producci\u00f3n y Turismo Juan Jos\u00e9 Bahillo afirm\u00f3 que las protestas del sector rural por el impuesto inmobiliario rural se corresponden con una \u201cfijaci\u00f3n casi obsesiva\u201d buscando \u201cun elemento disruptivo\u201d, dado que la valuaci\u00f3n del tributo a\u00fan no ha sido realizada por el Gobierno. Asimismo, calific\u00f3 de \u201ccortoplacista y mezquina\u201d la actitud de poner este cuesti\u00f3n como la \u00fanica, dado que existe una agenda \u201crica y con desaf\u00edos por delante\u201d &nbsp; &nbsp; \u201cAndar hablando sobre hip\u00f3tesis de conflicto, sobre supuestos que se dan como certeros y que no&#8230;<\/p>\n","protected":false},"author":3,"featured_media":57600,"comment_status":"closed","ping_status":"closed","sticky":false,"template":"","format":"standard","meta":[],"categories":[15],"tags":[],"_links":{"self":[{"href":"https:\/\/www.actualidadadiario.com\/index.php\/wp-json\/wp\/v2\/posts\/57599"}],"collection":[{"href":"https:\/\/www.actualidadadiario.com\/index.php\/wp-json\/wp\/v2\/posts"}],"about":[{"href":"https:\/\/www.actualidadadiario.com\/index.php\/wp-json\/wp\/v2\/types\/post"}],"author":[{"embeddable":true,"href":"https:\/\/www.actualidadadiario.com\/index.php\/wp-json\/wp\/v2\/users\/3"}],"replies":[{"embeddable":true,"href":"https:\/\/www.actualidadadiario.com\/index.php\/wp-json\/wp\/v2\/comments?post=57599"}],"version-history":[{"count":1,"href":"https:\/\/www.actualidadadiario.com\/index.php\/wp-json\/wp\/v2\/posts\/57599\/revisions"}],"predecessor-version":[{"id":57601,"href":"https:\/\/www.actualidadadiario.com\/index.php\/wp-json\/wp\/v2\/posts\/57599\/revisions\/57601"}],"wp:featuredmedia":[{"embeddable":true,"href":"https:\/\/www.actualidadadiario.com\/index.php\/wp-json\/wp\/v2\/media\/57600"}],"wp:attachment":[{"href":"https:\/\/www.actualidadadiario.com\/index.php\/wp-json\/wp\/v2\/media?parent=57599"}],"wp:term":[{"taxonomy":"category","embeddable":true,"href":"https:\/\/www.actualidadadiario.com\/index.php\/wp-json\/wp\/v2\/categories?post=57599"},{"taxonomy":"post_tag","embeddable":true,"href":"https:\/\/www.actualidadadiario.com\/index.php\/wp-json\/wp\/v2\/tags?post=57599"}],"curies":[{"name":"wp","href":"https:\/\/api.w.org\/{rel}","templated":true}]}}