{"id":57596,"date":"2020-02-11T11:29:03","date_gmt":"2020-02-11T14:29:03","guid":{"rendered":"https:\/\/www.actualidadadiario.com\/?p=57596"},"modified":"2020-02-11T11:29:03","modified_gmt":"2020-02-11T14:29:03","slug":"se-firmo-un-convenio-de-colaboracion-entre-diputados-y-la-uner","status":"publish","type":"post","link":"https:\/\/www.actualidadadiario.com\/index.php\/2020\/02\/11\/se-firmo-un-convenio-de-colaboracion-entre-diputados-y-la-uner\/","title":{"rendered":"Se firm\u00f3 un convenio de colaboraci\u00f3n entre Diputados y la UNER"},"content":{"rendered":"<p style=\"text-align: center;\"><em><strong>El presidente de la C\u00e1mara de Diputados de la Provincia, \u00c1ngel Giano, y el rector de la Universidad Nacional de Entre R\u00edos, Andr\u00e9s Sabella, suscribieron este lunes un convenio marco de colaboraci\u00f3n entre ambas instituciones a partir del cual se desarrollar\u00e1n planes o actividades de cooperaci\u00f3n, asistencia t\u00e9cnica e intercambio. Del encuentro participaron tambi\u00e9n la diputada Mariana Farf\u00e1n y el diputado Juan Domingo Zacar\u00edas<\/strong><\/em><\/p>\n<p>&nbsp;<\/p>\n<p>&nbsp;<\/p>\n<p>Giano remarc\u00f3 la importancia de la iniciativa que fuera acordada d\u00edas atr\u00e1s y explic\u00f3 que \u201cla decisi\u00f3n tiene que ver con permitir trabajar mancomunadamente con programas, acciones, jornadas, con formaci\u00f3n para el personal de la C\u00e1mara y con apertura hacia la ciudadan\u00eda en todo el territorio provincial\u201d.<\/p>\n<p>Asimismo, sostuvo que se trata de \u201cgenerar una actividad compartida de conocimiento de la actividad legislativa, para mejorar la calidad de trabajo de los legisladores y para que la ciudadan\u00eda conozca cu\u00e1l es el trabajo de los diputados, c\u00f3mo trabajan en comisiones, c\u00f3mo preparan los proyectos, y c\u00f3mo demanda diariamente esta labor que es muy intensa y que muchas veces solo se conoce a trav\u00e9s de la sesi\u00f3n\u201d.<\/p>\n<p>Por su parte, Sabella manifest\u00f3: \u201cSiempre destacamos que la Universidad Nacional de Entre R\u00edos tiene raz\u00f3n de ser si tiene una estrecha vinculaci\u00f3n con las organizaciones sociales y pol\u00edticas porque en definitiva lo que la universidad tiene que hacer es contar su conocimiento, la ciencia que genera en las aulas y de cara a la sociedad entrerriana\u201d.<\/p>\n<p>\u201cQue la C\u00e1mara tome esta iniciativa nos llena de orgullo y nos pone en un desaf\u00edo. Es muy importante que los diputados y diputadas hagan llegar la demanda a las universidades y quienes formamos parte de la comunidad acad\u00e9mica intentaremos dar respuesta con las mejores herramientas\u201d, agreg\u00f3.<\/p>\n<p>Por su parte, la diputada Farf\u00e1n valor\u00f3 la vinculaci\u00f3n de la C\u00e1mara con entidades educativas y se\u00f1al\u00f3 que adem\u00e1s de la transferencia de conocimiento, la iniciativa supone \u201crecepcionar inquietudes, proyectos y aspiraciones que surgen de los educadores y alumnos. Es otra forma de vincularnos con la sociedad para que nos acerquen proyectos y ver de qu\u00e9 manera podemos regularlos, enmarcarlos o plasmarlos en pol\u00edticas y leyes\u201d.<\/p>\n<p>Finalmente, el diputado Zacar\u00edas afirm\u00f3 que la iniciativa representa \u201cuna forma de descentralizaci\u00f3n del Estado\u201d en tanto se incorpora a la sociedad a la Legislatura a\u00a0 trav\u00e9s de las instituciones.<\/p>\n<p>Seg\u00fan el convenio rubricado, \u201cla C\u00e1mara de Diputados y la Universidad desarrollar\u00e1n de acuerdo a mutuas necesidades e intereses, planes o actividades de cooperaci\u00f3n, asistencia t\u00e9cnica e intercambio para el logro de sus objetivos institucionales\u201d.<\/p>\n<p>A su vez, \u201cpodr\u00e1n formular y ejecutar planes o programas de formaci\u00f3n de recursos humanos, intercambio de experiencias y asistencia t\u00e9cnica, as\u00ed como tambi\u00e9n organizar cursos, seminarios, jornadas, charlas, conferencias, y toda otra actividad acad\u00e9mica, t\u00e9cnico-cient\u00edfica o de extensi\u00f3n que contribuya a la satisfacci\u00f3n del mutuo inter\u00e9s, acordando en cada caso las condiciones y las formas en que dichas actividades se llevar\u00e1n a cabo\u201d.<\/p>\n","protected":false},"excerpt":{"rendered":"<p>El presidente de la C\u00e1mara de Diputados de la Provincia, \u00c1ngel Giano, y el rector de la Universidad Nacional de Entre R\u00edos, Andr\u00e9s Sabella, suscribieron este lunes un convenio marco de colaboraci\u00f3n entre ambas instituciones a partir del cual se desarrollar\u00e1n planes o actividades de cooperaci\u00f3n, asistencia t\u00e9cnica e intercambio. Del encuentro participaron tambi\u00e9n la diputada Mariana Farf\u00e1n y el diputado Juan Domingo Zacar\u00edas &nbsp; &nbsp; Giano remarc\u00f3 la importancia de la iniciativa que fuera acordada d\u00edas atr\u00e1s y explic\u00f3 que \u201cla decisi\u00f3n tiene que ver con permitir trabajar mancomunadamente&#8230;<\/p>\n","protected":false},"author":3,"featured_media":57597,"comment_status":"closed","ping_status":"closed","sticky":false,"template":"","format":"standard","meta":[],"categories":[15],"tags":[],"_links":{"self":[{"href":"https:\/\/www.actualidadadiario.com\/index.php\/wp-json\/wp\/v2\/posts\/57596"}],"collection":[{"href":"https:\/\/www.actualidadadiario.com\/index.php\/wp-json\/wp\/v2\/posts"}],"about":[{"href":"https:\/\/www.actualidadadiario.com\/index.php\/wp-json\/wp\/v2\/types\/post"}],"author":[{"embeddable":true,"href":"https:\/\/www.actualidadadiario.com\/index.php\/wp-json\/wp\/v2\/users\/3"}],"replies":[{"embeddable":true,"href":"https:\/\/www.actualidadadiario.com\/index.php\/wp-json\/wp\/v2\/comments?post=57596"}],"version-history":[{"count":1,"href":"https:\/\/www.actualidadadiario.com\/index.php\/wp-json\/wp\/v2\/posts\/57596\/revisions"}],"predecessor-version":[{"id":57598,"href":"https:\/\/www.actualidadadiario.com\/index.php\/wp-json\/wp\/v2\/posts\/57596\/revisions\/57598"}],"wp:featuredmedia":[{"embeddable":true,"href":"https:\/\/www.actualidadadiario.com\/index.php\/wp-json\/wp\/v2\/media\/57597"}],"wp:attachment":[{"href":"https:\/\/www.actualidadadiario.com\/index.php\/wp-json\/wp\/v2\/media?parent=57596"}],"wp:term":[{"taxonomy":"category","embeddable":true,"href":"https:\/\/www.actualidadadiario.com\/index.php\/wp-json\/wp\/v2\/categories?post=57596"},{"taxonomy":"post_tag","embeddable":true,"href":"https:\/\/www.actualidadadiario.com\/index.php\/wp-json\/wp\/v2\/tags?post=57596"}],"curies":[{"name":"wp","href":"https:\/\/api.w.org\/{rel}","templated":true}]}}