{"id":57594,"date":"2020-02-11T11:28:19","date_gmt":"2020-02-11T14:28:19","guid":{"rendered":"https:\/\/www.actualidadadiario.com\/?p=57594"},"modified":"2020-02-11T11:28:19","modified_gmt":"2020-02-11T14:28:19","slug":"amparo-ecologista-el-stj-explico-que-nego-la-apelacion-a-la-corte-porque-no-corresponde-a-una-cuestion-federal","status":"publish","type":"post","link":"https:\/\/www.actualidadadiario.com\/index.php\/2020\/02\/11\/amparo-ecologista-el-stj-explico-que-nego-la-apelacion-a-la-corte-porque-no-corresponde-a-una-cuestion-federal\/","title":{"rendered":"Amparo ecologista: El STJ explic\u00f3 que neg\u00f3 la apelaci\u00f3n a la Corte porque no corresponde a una cuesti\u00f3n Federal"},"content":{"rendered":"<p style=\"text-align: center;\"><em><strong>El Superior Tribunal de Justicia explic\u00f3 los motivos por los que neg\u00f3 al Foro Ecologista la posibilidad de presentar un recurso de apelaci\u00f3n a la Corte Suprema de Justicia de Naci\u00f3n para que se proteja a las escuelas rurales de las fumigaciones con agrot\u00f3xicos: el recurso se deneg\u00f3 por no corresponder a una cuesti\u00f3n federal<\/strong><\/em><\/p>\n<p>&nbsp;<\/p>\n<p>&nbsp;<\/p>\n<p>Los vocales del STJ resolvieron denegar la concesi\u00f3n del recurso extraordinario federal interpuesto por el Foro Ecologista de Paran\u00e1 y Agmer contra la resoluci\u00f3n dictada por el Alto Cuerpo, que hizo lugar parcialmente al recurso de apelaci\u00f3n interpuesto por el Gobierno provincial, revocando parcialmente la sentencia de primera instancia y manteniendo la declaraci\u00f3n de inconstitucionalidad del art\u00edculo 2 del Decreto N\u00ba 2.239\/19 por el cual se establecieron las distancias habilitadas para las fumigaciones.<\/p>\n<p>En los fundamentos de la resoluci\u00f3n -a la que accedi\u00f3 esta Agencia- se destaca que \u201cuna de las cargas formales a cumplir por el impugnante es la de introducir en tiempo oportuno y en la primera ocasi\u00f3n que brinde el procedimiento -de manera expl\u00edcita e indudable- la cuesti\u00f3n federal base del recurso extraordinario, como asimismo sostenerla durante todo el proceso\u201d; caso contrario se presume que hay abandono de la cuesti\u00f3n federal\u201d.<\/p>\n<p>\u201cEn el caso del Foro Ecologista si bien se efectu\u00f3 en el escrito de inicio (la reserva de invocar el caso federal), no se sostuvo adecuadamente la infracci\u00f3n constitucional en las etapas posteriores y se resalta que nada se dijo en oportunidad de agregar el memorial del art. 16 de la Ley de Procedimientos Constitucionales N\u00ba 8.369\u201d, se indic\u00f3 desde el \u00e1rea de prensa de los tribunales entrerrianos.<\/p>\n<p>La sentencia tambi\u00e9n destaca que la interpretaci\u00f3n de normas de derecho p\u00fablico local, as\u00ed como las cuestiones que se vinculan a los hechos y a las pruebas son ajenas a la competencia de la Corte Suprema de Justicia de la Naci\u00f3n por v\u00eda del recurso extraordinario, se agreg\u00f3.<\/p>\n<p>La resoluci\u00f3n del STJ sostiene tambi\u00e9n que \u201cla doctrina de la arbitrariedad reviste car\u00e1cter excepcional y no cubre las divergencias resultantes entre lo decidido por el juzgador y lo sostenido por las partes, sino que s\u00f3lo atiende a la exigencia constitucional de que las sentencias sean fundadas y constituyan una derivaci\u00f3n razonada del derecho vigente y est\u00e9n basadas en las constancias agregadas a la causa, lo que se encuentra satisfecho en este caso puesto que la decisi\u00f3n tomada por el Alto Cuerpo analiz\u00f3, seg\u00fan las circunstancias comprobadas del caso y de manera fundada, las disposiciones del Decreto N\u00ba 2.339\/19\u201d.<\/p>\n","protected":false},"excerpt":{"rendered":"<p>El Superior Tribunal de Justicia explic\u00f3 los motivos por los que neg\u00f3 al Foro Ecologista la posibilidad de presentar un recurso de apelaci\u00f3n a la Corte Suprema de Justicia de Naci\u00f3n para que se proteja a las escuelas rurales de las fumigaciones con agrot\u00f3xicos: el recurso se deneg\u00f3 por no corresponder a una cuesti\u00f3n federal &nbsp; &nbsp; Los vocales del STJ resolvieron denegar la concesi\u00f3n del recurso extraordinario federal interpuesto por el Foro Ecologista de Paran\u00e1 y Agmer contra la resoluci\u00f3n dictada por el Alto Cuerpo, que hizo lugar parcialmente&#8230;<\/p>\n","protected":false},"author":3,"featured_media":9402,"comment_status":"closed","ping_status":"closed","sticky":false,"template":"","format":"standard","meta":[],"categories":[15],"tags":[],"_links":{"self":[{"href":"https:\/\/www.actualidadadiario.com\/index.php\/wp-json\/wp\/v2\/posts\/57594"}],"collection":[{"href":"https:\/\/www.actualidadadiario.com\/index.php\/wp-json\/wp\/v2\/posts"}],"about":[{"href":"https:\/\/www.actualidadadiario.com\/index.php\/wp-json\/wp\/v2\/types\/post"}],"author":[{"embeddable":true,"href":"https:\/\/www.actualidadadiario.com\/index.php\/wp-json\/wp\/v2\/users\/3"}],"replies":[{"embeddable":true,"href":"https:\/\/www.actualidadadiario.com\/index.php\/wp-json\/wp\/v2\/comments?post=57594"}],"version-history":[{"count":1,"href":"https:\/\/www.actualidadadiario.com\/index.php\/wp-json\/wp\/v2\/posts\/57594\/revisions"}],"predecessor-version":[{"id":57595,"href":"https:\/\/www.actualidadadiario.com\/index.php\/wp-json\/wp\/v2\/posts\/57594\/revisions\/57595"}],"wp:featuredmedia":[{"embeddable":true,"href":"https:\/\/www.actualidadadiario.com\/index.php\/wp-json\/wp\/v2\/media\/9402"}],"wp:attachment":[{"href":"https:\/\/www.actualidadadiario.com\/index.php\/wp-json\/wp\/v2\/media?parent=57594"}],"wp:term":[{"taxonomy":"category","embeddable":true,"href":"https:\/\/www.actualidadadiario.com\/index.php\/wp-json\/wp\/v2\/categories?post=57594"},{"taxonomy":"post_tag","embeddable":true,"href":"https:\/\/www.actualidadadiario.com\/index.php\/wp-json\/wp\/v2\/tags?post=57594"}],"curies":[{"name":"wp","href":"https:\/\/api.w.org\/{rel}","templated":true}]}}