{"id":57588,"date":"2020-02-11T11:26:54","date_gmt":"2020-02-11T14:26:54","guid":{"rendered":"https:\/\/www.actualidadadiario.com\/?p=57588"},"modified":"2020-02-11T11:26:54","modified_gmt":"2020-02-11T14:26:54","slug":"bordet-aseguro-el-envio-de-la-coparticipacion-en-tiempo-y-forma-a-los-municipios","status":"publish","type":"post","link":"https:\/\/www.actualidadadiario.com\/index.php\/2020\/02\/11\/bordet-aseguro-el-envio-de-la-coparticipacion-en-tiempo-y-forma-a-los-municipios\/","title":{"rendered":"Bordet asegur\u00f3 el env\u00edo de la coparticipaci\u00f3n en tiempo y forma a los municipios"},"content":{"rendered":"<p style=\"text-align: center;\"><em><strong>El gobernador Gustavo Bordet, junto a su gabinete, se reuni\u00f3 con los intendentes justicialistas y les brind\u00f3 detalles sobre situaci\u00f3n de la provincia. Adem\u00e1s, asegur\u00f3 que continuar\u00e1 el env\u00edo de la coparticipaci\u00f3n en tiempo y forma, y adelant\u00f3 que har\u00e1n reuniones de gabinete departamentales<\/strong><\/em><\/p>\n<p>&nbsp;<\/p>\n<p>&nbsp;<\/p>\n<p>En el Centro Provincial de Convenciones en Paran\u00e1, el gobernador recibi\u00f3 a los intendentes del PJ junto a la vicegobernadora Laura Stratta y los ministros de Gobierno, Rosario Romero; de Desarrollo Social, Marisa Paira; de Salud, Sonia Vel\u00e1quez; de Producci\u00f3n, Turismo y Desarrollo Econ\u00f3mico, Juan Jos\u00e9 Bahillo, y de Planeamiento, Luis Benedetto, adem\u00e1s del presidente de la C\u00e1mara de Diputados, \u00c1ngel Giano.<\/p>\n<p>Bordet habl\u00f3 de la situaci\u00f3n provincial, pidi\u00f3 responsabilidad en el uso de recursos p\u00fablicos, se refiri\u00f3 a la pauta salarial y sugiri\u00f3 que definan entre los intendentes alg\u00fan criterio general en lo que refiere a las ofertas salariales.<\/p>\n<p>\u201cEs muy importante no comprometer m\u00e1s recursos de los que tenemos&#8221;, sostuvo tras referirse al aumento que se otorg\u00f3 a estatales y jubilados que ascendi\u00f3 a un promedio de 57,6 % durante 2019.<\/p>\n<p>A los intendentes les dijo que es importante tener un di\u00e1logo fluido para tender, independientemente de las particularidades de cada municipio, a algunas pautas y criterios generales en lo salarial&#8221;, insisti\u00f3.<\/p>\n<p>Destac\u00f3 el cumplimiento de la \u00faltima paritaria y remarc\u00f3 que el incremento fue por encima de los recursos. &#8220;Se cumpli\u00f3 con mucho esfuerzo y sacrificio, adem\u00e1s de con distintas obligaciones&#8221;.<\/p>\n<p>Tambi\u00e9n remarc\u00f3 que el \u00faltimo semestre de 2019 fue muy complicado. &#8220;Hasta el mes de julio inclusive ten\u00edamos un doble super\u00e1vit en la provincia, tanto primario como financiero, pero a partir de ah\u00ed venimos perdiendo sostenidamente recursos. Estamos en una situaci\u00f3n complicada porque si los ingresos siguen cayendo tendremos problemas, al igual que todas las provincias&#8221;, advirti\u00f3.<\/p>\n<p>Adelant\u00f3 luego que har\u00e1 reuniones de trabajo en las cabeceras de departamento con todos los intendentes y los gabinetes municipales. Record\u00f3 que ya se han hecho en algunas localidades y que dieron &#8220;muy buenos resultados. Una jornada de trabajo en la que me re\u00fana con los intendentes, los secretarios de Hacienda con el ministro de Econom\u00eda de la provincia, y as\u00ed con cada una de las \u00e1reas&#8221;, detall\u00f3.<\/p>\n<p>Tambi\u00e9n habl\u00f3 de las obras. Adelant\u00f3 que las que realiza la provincia con fondos propios continuar\u00e1n y que se gestionar\u00e1 por las obras paralizadas durante el gobierno de Macri.<\/p>\n<p>\u201cDesde la provincia estamos garantizando cumplir con las obras porque no hemos parado ninguna\u201d. Se refiri\u00f3 a las obras que ejecuta el gobierno nacional en Entre R\u00edos y expres\u00f3 que est\u00e1n gestionando que se terminen las iniciadas, entre ellas algunas viales como la ruta 18, y otras como la defensa en Paranacito, una de desag\u00fces en Victoria o la defensa norte en Concepci\u00f3n del Uruguay.<\/p>\n<p>\u201cTenemos obras provinciales con financiamiento propio en el presupuesto y a esas las vamos a seguir atendiendo. Las obras viales est\u00e1n yendo a buen ritmo. Hemos retomado la de San Jos\u00e9, la ruta 26; en el acceso a Carb\u00f3 estamos tambi\u00e9n trabajando y a la ruta 51 la retomamos con mucha fuerza\u201d, precis\u00f3.<\/p>\n<p>Luego cada ministro brind\u00f3 un estado de situaci\u00f3n sobre determinadas tem\u00e1ticas. Paira sobre tarjeta alimentaria y visita del ministro Arroyo; y la ministra Romero sobre la instalaci\u00f3n de c\u00e1maras, controles a la salida de los boliches, campa\u00f1a contra el consumo de alcohol, un borrador del c\u00f3digo de faltas que la provincia enviar\u00e1 a los municipios, y la capacitaci\u00f3n sobre juicio por jurado.<\/p>\n<p>&nbsp;<\/p>\n<p><strong>Reconocimiento<\/strong><\/p>\n<p>Al respecto, el intendente de Paran\u00e1, Ad\u00e1n Bahl, sostuvo: \u201cEl gobernador Bordet ha vuelto a ratificar el compromiso de trabajar mancomunadamente con cada municipio a fin de optimizar el uso de los recursos con los que se cuenta a partir de diagramaci\u00f3n de agenda conjunta sobre las necesidades, las prioridades y las metas.\u201d<\/p>\n<p>\u201cGeneralmente los municipios tendemos a ser los receptores inmediatos de la mayor\u00eda de las demandas sociales, respecto de \u00e1reas en las que no siempre contamos con todas las herramientas necesarias. Es el caso de la salud, la obra p\u00fablica o, incluso, del empleo.\u201d<\/p>\n<p>\u201cAgradecemos la convocatoria del gobernador, y reconocemos y valoramos la importancia de habilitar este tipo de espacios.\u201d<\/p>\n<p>\u201cTrabajar de modo articulado con el gobierno provincial es uno de los pilares de nuestra gesti\u00f3n\u201d, concluy\u00f3.<\/p>\n<p>A su turno, el intendente de Concordia, Alfredo Francolini, apunt\u00f3 que &#8220;justamente el gobernador habl\u00f3 del trabajo articulado entre el gobierno y los municipios, sobre todo en lo que refiere a futuras obras y a un programa m\u00e1s federal todav\u00eda de que lo que se viene haciendo con todos los municipios&#8221;. Luego resalt\u00f3 que &#8220;para nosotros fue una muy buena reuni\u00f3n&#8221;.<\/p>\n<p>Finalmente, la intendenta de Villaguay, Claudia Monjo, destac\u00f3 la buena relaci\u00f3n con el equipo de trabajo &#8220;que hemos tenido en los cuatro a\u00f1os que pasaron y ahora vamos a seguir trabajando de la misma manera, pero esta bueno que los funcionarios vayan a territorio y que se puedan juntar con nuestros funcionarios&#8221;. &#8220;Somos muy optimistas. Tenemos un gobierno nacional ahora que entendemos tiene otra visi\u00f3n y vamos a poder trabajar de mejor manera y articuladamente municipio, provincia y naci\u00f3n&#8221;, acot\u00f3.<\/p>\n","protected":false},"excerpt":{"rendered":"<p>El gobernador Gustavo Bordet, junto a su gabinete, se reuni\u00f3 con los intendentes justicialistas y les brind\u00f3 detalles sobre situaci\u00f3n de la provincia. Adem\u00e1s, asegur\u00f3 que continuar\u00e1 el env\u00edo de la coparticipaci\u00f3n en tiempo y forma, y adelant\u00f3 que har\u00e1n reuniones de gabinete departamentales &nbsp; &nbsp; En el Centro Provincial de Convenciones en Paran\u00e1, el gobernador recibi\u00f3 a los intendentes del PJ junto a la vicegobernadora Laura Stratta y los ministros de Gobierno, Rosario Romero; de Desarrollo Social, Marisa Paira; de Salud, Sonia Vel\u00e1quez; de Producci\u00f3n, Turismo y Desarrollo Econ\u00f3mico,&#8230;<\/p>\n","protected":false},"author":3,"featured_media":57589,"comment_status":"closed","ping_status":"closed","sticky":false,"template":"","format":"standard","meta":[],"categories":[9,15],"tags":[],"_links":{"self":[{"href":"https:\/\/www.actualidadadiario.com\/index.php\/wp-json\/wp\/v2\/posts\/57588"}],"collection":[{"href":"https:\/\/www.actualidadadiario.com\/index.php\/wp-json\/wp\/v2\/posts"}],"about":[{"href":"https:\/\/www.actualidadadiario.com\/index.php\/wp-json\/wp\/v2\/types\/post"}],"author":[{"embeddable":true,"href":"https:\/\/www.actualidadadiario.com\/index.php\/wp-json\/wp\/v2\/users\/3"}],"replies":[{"embeddable":true,"href":"https:\/\/www.actualidadadiario.com\/index.php\/wp-json\/wp\/v2\/comments?post=57588"}],"version-history":[{"count":1,"href":"https:\/\/www.actualidadadiario.com\/index.php\/wp-json\/wp\/v2\/posts\/57588\/revisions"}],"predecessor-version":[{"id":57590,"href":"https:\/\/www.actualidadadiario.com\/index.php\/wp-json\/wp\/v2\/posts\/57588\/revisions\/57590"}],"wp:featuredmedia":[{"embeddable":true,"href":"https:\/\/www.actualidadadiario.com\/index.php\/wp-json\/wp\/v2\/media\/57589"}],"wp:attachment":[{"href":"https:\/\/www.actualidadadiario.com\/index.php\/wp-json\/wp\/v2\/media?parent=57588"}],"wp:term":[{"taxonomy":"category","embeddable":true,"href":"https:\/\/www.actualidadadiario.com\/index.php\/wp-json\/wp\/v2\/categories?post=57588"},{"taxonomy":"post_tag","embeddable":true,"href":"https:\/\/www.actualidadadiario.com\/index.php\/wp-json\/wp\/v2\/tags?post=57588"}],"curies":[{"name":"wp","href":"https:\/\/api.w.org\/{rel}","templated":true}]}}