{"id":57579,"date":"2020-02-10T12:50:55","date_gmt":"2020-02-10T15:50:55","guid":{"rendered":"https:\/\/www.actualidadadiario.com\/?p=57579"},"modified":"2020-02-10T12:50:55","modified_gmt":"2020-02-10T15:50:55","slug":"evo-morales-dejo-la-argentina-y-viajo-a-cuba-por-un-tratamiento-medico","status":"publish","type":"post","link":"https:\/\/www.actualidadadiario.com\/index.php\/2020\/02\/10\/evo-morales-dejo-la-argentina-y-viajo-a-cuba-por-un-tratamiento-medico\/","title":{"rendered":"Evo Morales dej\u00f3 la Argentina y viaj\u00f3 a Cuba por un tratamiento m\u00e9dico"},"content":{"rendered":"<p style=\"text-align: center;\"><em><strong>Morales hab\u00eda viajado a La Habana en 2017 para hacerse una revisaci\u00f3n de sus cuerdas vocales, que deriv\u00f3 en que luego le extirparan un n\u00f3dulo<\/strong><\/em><\/p>\n<p>&nbsp;<\/p>\n<p>&nbsp;<\/p>\n<p>El ex presidente de Bolivia Evo Morales dej\u00f3 hoy la Argentina y viaj\u00f3 rumbo a Cuba, donde tiene previsto realizar un tratamiento m\u00e9dico.<\/p>\n<p>Morales se encontraba en la Argentina desde diciembre pasado, cuando fue invitado por el gobierno del Frente de Todos para quedarse como refugiado.<\/p>\n<p>El ex mandatario boliviano viaj\u00f3 a Cuba en un vuelo que parti\u00f3 desde Buenos Aires pasada la medianoche, sin que trascendieran detalles del tratamiento que realizar\u00e1 all\u00ed ni del tiempo que se quedar\u00e1.<\/p>\n<p>El presidente Alberto Fern\u00e1ndez asegur\u00f3 que mantuvo un di\u00e1logo telef\u00f3nico con Morales, que le comunic\u00f3 sobre su viaje.<\/p>\n","protected":false},"excerpt":{"rendered":"<p>Morales hab\u00eda viajado a La Habana en 2017 para hacerse una revisaci\u00f3n de sus cuerdas vocales, que deriv\u00f3 en que luego le extirparan un n\u00f3dulo &nbsp; &nbsp; El ex presidente de Bolivia Evo Morales dej\u00f3 hoy la Argentina y viaj\u00f3 rumbo a Cuba, donde tiene previsto realizar un tratamiento m\u00e9dico. Morales se encontraba en la Argentina desde diciembre pasado, cuando fue invitado por el gobierno del Frente de Todos para quedarse como refugiado. El ex mandatario boliviano viaj\u00f3 a Cuba en un vuelo que parti\u00f3 desde Buenos Aires pasada la&#8230;<\/p>\n","protected":false},"author":3,"featured_media":57580,"comment_status":"closed","ping_status":"closed","sticky":false,"template":"","format":"standard","meta":[],"categories":[4],"tags":[],"_links":{"self":[{"href":"https:\/\/www.actualidadadiario.com\/index.php\/wp-json\/wp\/v2\/posts\/57579"}],"collection":[{"href":"https:\/\/www.actualidadadiario.com\/index.php\/wp-json\/wp\/v2\/posts"}],"about":[{"href":"https:\/\/www.actualidadadiario.com\/index.php\/wp-json\/wp\/v2\/types\/post"}],"author":[{"embeddable":true,"href":"https:\/\/www.actualidadadiario.com\/index.php\/wp-json\/wp\/v2\/users\/3"}],"replies":[{"embeddable":true,"href":"https:\/\/www.actualidadadiario.com\/index.php\/wp-json\/wp\/v2\/comments?post=57579"}],"version-history":[{"count":1,"href":"https:\/\/www.actualidadadiario.com\/index.php\/wp-json\/wp\/v2\/posts\/57579\/revisions"}],"predecessor-version":[{"id":57581,"href":"https:\/\/www.actualidadadiario.com\/index.php\/wp-json\/wp\/v2\/posts\/57579\/revisions\/57581"}],"wp:featuredmedia":[{"embeddable":true,"href":"https:\/\/www.actualidadadiario.com\/index.php\/wp-json\/wp\/v2\/media\/57580"}],"wp:attachment":[{"href":"https:\/\/www.actualidadadiario.com\/index.php\/wp-json\/wp\/v2\/media?parent=57579"}],"wp:term":[{"taxonomy":"category","embeddable":true,"href":"https:\/\/www.actualidadadiario.com\/index.php\/wp-json\/wp\/v2\/categories?post=57579"},{"taxonomy":"post_tag","embeddable":true,"href":"https:\/\/www.actualidadadiario.com\/index.php\/wp-json\/wp\/v2\/tags?post=57579"}],"curies":[{"name":"wp","href":"https:\/\/api.w.org\/{rel}","templated":true}]}}