{"id":57570,"date":"2020-02-10T12:48:20","date_gmt":"2020-02-10T15:48:20","guid":{"rendered":"https:\/\/www.actualidadadiario.com\/?p=57570"},"modified":"2020-02-10T12:48:20","modified_gmt":"2020-02-10T15:48:20","slug":"los-40-anos-del-pt-el-partido-de-lula","status":"publish","type":"post","link":"https:\/\/www.actualidadadiario.com\/index.php\/2020\/02\/10\/los-40-anos-del-pt-el-partido-de-lula\/","title":{"rendered":"Los 40 a\u00f1os del PT, el partido de Lula"},"content":{"rendered":"<p style=\"text-align: center;\"><em><strong>Para celebrar la fecha, la mayor sigla de la izquierda latinoamericana realiz\u00f3 un festival entre el viernes y este domingo. Tuvo como auge un encuentro entre dos expresidentes legendarios<\/strong><\/em><\/p>\n<p>&nbsp;<\/p>\n<p>&nbsp;<\/p>\n<p>En 1980, el diez de febrero fue un domingo. En un sal\u00f3n del Sion, un colegio cat\u00f3lico reservado a se\u00f1oritas de la elite de San Pablo, intelectuales, religiosos vinculados a la Teolog\u00eda de Liberaci\u00f3n, artistas y un nutrido n\u00famero de sindicalistas fund\u00f3 el Partido de los Trabajadores (PT).<\/p>\n<p>Era un grupo bastante heterog\u00e9neo, integrado por acad\u00e9micos como el historiador Sergio Buarque de Hollanda, el educador Paulo Freire o el cr\u00edtico literario Antonio Candido, todos capitaneados por un combativo dirigente sindical llamado Luiz In\u00e1cio da Silva, conocido por el apodo de Lula. Un punto espec\u00edfico los un\u00eda: eran fuertes opositores a la dictadura implantada en 1964 y empezaba su lenta agon\u00eda, que solo terminar\u00eda en 1985.<\/p>\n<p>En 1982, el Tribunal Superior de Justicia Electoral reconoci\u00f3 oficialmente el nuevo partido, que llega a sus 40 a\u00f1os como la mayor sigla de la izquierda latinoamericana y \u00fanica agrupaci\u00f3n que gan\u00f3 cuatro elecciones consecutivas en Brasil (entre 2002 y 2014).<\/p>\n<p>Para celebrar la fecha el PT realiz\u00f3 un festival entre el viernes y domingo, y que tuvo como auge un encuentro entre dos expresidentes legendarios, el uruguayo Jos\u00e9 Mujica y el brasile\u00f1o Lula da Silva en la noche de s\u00e1bado, delante de unas seis mil personas que desbordaron la capacidad de la Fundici\u00f3n Progreso, ic\u00f3nico centro cultural en R\u00edo.<\/p>\n<p>Fuera del poder desde el golpe institucional que destituy\u00f3 a la presidenta Dilma Rousseff en 2016, el PT vio c\u00f3mo su fundador y principal figura, Lula da Silva, fue conducido a la c\u00e1rcel en abril de 2018, luego de un juicio claramente manipulado por Sergio Moro, el entonces magistrado y actual ministro del gobierno ultraderechista de Jair Bolsonaro. Sin ninguna prueba, Lula fue condenado en base a \u2018evidencias y convicciones\u2019.<\/p>\n<p>La instancia superior, presidida por un \u00edntimo amigo de Moro, aument\u00f3 la sentencia. Lula solo recuper\u00f3 su libertad despu\u00e9s de 580 d\u00edas, gracias a una decisi\u00f3n de la corte suprema.<\/p>\n<p>Pese al fuerte desgaste provocado por un trabajo triturador que uni\u00f3 a los grandes medios hegem\u00f3nicos de comunicaci\u00f3n, parte substancial de la Justicia y de la Fiscal\u00eda, partidos seguidamente derrotados y el grueso del empresariado y de la banca, todo bajo la omisi\u00f3n c\u00f3mplice del Supremo Tribunal Federal, Lula permanece como l\u00edder m\u00e1ximo no solo de su partido, pero de toda la izquierda brasile\u00f1a.<\/p>\n<p>Desde el pasado noviembre, cuando volvi\u00f3 a la calle, Lula busca medios para implantar una oposici\u00f3n actuante y eficaz contra el gobierno que, seg\u00fan \u00e9l, en trece meses provoc\u00f3 el m\u00e1s severo retroceso desde que el pa\u00eds se transform\u00f3 en Rep\u00fablica, hace 131 a\u00f1os.<\/p>\n<p>En el acto de la noche del domingo, Lula, al lado de Jos\u00e9 Mujica, fue incisivo. Lanz\u00f3 una dura advertencia: \u2018No tenemos mucha alternativa. Est\u00e1n desmontando todo lo que creamos, adem\u00e1s de la sumisi\u00f3n al gobierno norteamericano. Si no salimos a las calles para luchar y resistir, estaremos perdidos\u2019. Y entre muchas otras, lanz\u00f3 una pregunta clave: \u2018\u00bfC\u00f3mo organizar de nuevo el movimiento sindical?\u2019.<\/p>\n<p>Tanto la advertencia como la pregunta integran una vasta serie de dudas y desaf\u00edos que Lula, el PT y toda la izquierda brasile\u00f1a enfrentan. Y, al menos por ahora, no hay ninguna respuesta en el horizonte.<\/p>\n<p>&nbsp;<\/p>\n<p><strong>Mujica, especialmente aplaudido<\/strong><\/p>\n<p>Del poco menos de una hora en que permanecieron en el escenario de la Fundici\u00f3n Progreso, en el centro de R\u00edo, Lula ocup\u00f3 casi todo el tiempo.<\/p>\n<p>Pero en sus dos o tres intervenciones que, juntas, no sumaron m\u00e1s de quince minutos, Mujica cosech\u00f3 aplausos en volumen igual.<\/p>\n<p>Luego de criticar duramente el consumismo incentivado con \u00e9nfasis en la juventud, lanz\u00f3 una frase que incendi\u00f3 la platea: &#8220;La vida se va, y la pregunta es si basta gastar la vida pagando boletos, boletos, boletos&#8221;, para luego concluir que &#8220;la vida no es solo trabajar, es preciso vivir&#8221;.<\/p>\n<p>Tambi\u00e9n ha sido fuertemente ovacionado cuando dijo que &#8220;el pol\u00edtico tiene que aprender a vivir como vive la mayor\u00eda de su pueblo, y no como vive la minor\u00eda privilegiada&#8221;.<\/p>\n","protected":false},"excerpt":{"rendered":"<p>Para celebrar la fecha, la mayor sigla de la izquierda latinoamericana realiz\u00f3 un festival entre el viernes y este domingo. Tuvo como auge un encuentro entre dos expresidentes legendarios &nbsp; &nbsp; En 1980, el diez de febrero fue un domingo. En un sal\u00f3n del Sion, un colegio cat\u00f3lico reservado a se\u00f1oritas de la elite de San Pablo, intelectuales, religiosos vinculados a la Teolog\u00eda de Liberaci\u00f3n, artistas y un nutrido n\u00famero de sindicalistas fund\u00f3 el Partido de los Trabajadores (PT). Era un grupo bastante heterog\u00e9neo, integrado por acad\u00e9micos como el historiador&#8230;<\/p>\n","protected":false},"author":3,"featured_media":57571,"comment_status":"closed","ping_status":"closed","sticky":false,"template":"","format":"standard","meta":[],"categories":[4],"tags":[],"_links":{"self":[{"href":"https:\/\/www.actualidadadiario.com\/index.php\/wp-json\/wp\/v2\/posts\/57570"}],"collection":[{"href":"https:\/\/www.actualidadadiario.com\/index.php\/wp-json\/wp\/v2\/posts"}],"about":[{"href":"https:\/\/www.actualidadadiario.com\/index.php\/wp-json\/wp\/v2\/types\/post"}],"author":[{"embeddable":true,"href":"https:\/\/www.actualidadadiario.com\/index.php\/wp-json\/wp\/v2\/users\/3"}],"replies":[{"embeddable":true,"href":"https:\/\/www.actualidadadiario.com\/index.php\/wp-json\/wp\/v2\/comments?post=57570"}],"version-history":[{"count":1,"href":"https:\/\/www.actualidadadiario.com\/index.php\/wp-json\/wp\/v2\/posts\/57570\/revisions"}],"predecessor-version":[{"id":57572,"href":"https:\/\/www.actualidadadiario.com\/index.php\/wp-json\/wp\/v2\/posts\/57570\/revisions\/57572"}],"wp:featuredmedia":[{"embeddable":true,"href":"https:\/\/www.actualidadadiario.com\/index.php\/wp-json\/wp\/v2\/media\/57571"}],"wp:attachment":[{"href":"https:\/\/www.actualidadadiario.com\/index.php\/wp-json\/wp\/v2\/media?parent=57570"}],"wp:term":[{"taxonomy":"category","embeddable":true,"href":"https:\/\/www.actualidadadiario.com\/index.php\/wp-json\/wp\/v2\/categories?post=57570"},{"taxonomy":"post_tag","embeddable":true,"href":"https:\/\/www.actualidadadiario.com\/index.php\/wp-json\/wp\/v2\/tags?post=57570"}],"curies":[{"name":"wp","href":"https:\/\/api.w.org\/{rel}","templated":true}]}}