{"id":57564,"date":"2020-02-10T12:46:45","date_gmt":"2020-02-10T15:46:45","guid":{"rendered":"https:\/\/www.actualidadadiario.com\/?p=57564"},"modified":"2020-02-10T12:46:45","modified_gmt":"2020-02-10T15:46:45","slug":"de-puno-y-letra-fernandez-abrira-el-congreso-con-anuncios-y-discurso-antigrieta","status":"publish","type":"post","link":"https:\/\/www.actualidadadiario.com\/index.php\/2020\/02\/10\/de-puno-y-letra-fernandez-abrira-el-congreso-con-anuncios-y-discurso-antigrieta\/","title":{"rendered":"De pu\u00f1o y letra: Fern\u00e1ndez abrir\u00e1 el Congreso con anuncios y discurso antigrieta"},"content":{"rendered":"<p style=\"text-align: center;\"><em><strong>Con ayuda de Beliz y pedidos a ministros, el Presidente empez\u00f3 a delinear las palabras que dir\u00e1 frente a la Asamblea Legislativa el 1 de marzo. Habr\u00e1 referencias a la herencia y llamado a la unidad<\/strong><\/em><\/p>\n<p>&nbsp;<\/p>\n<p>&nbsp;<\/p>\n<p>De pu\u00f1o y letra, personalmente, el presidente Alberto Fern\u00e1ndez ya prepara el borrador del discurso que dar\u00e1 ante la Asamblea Legislativa el 1 de marzo para inaugurar el 138\u00ba per\u00edodo de sesiones ordinarias, cuando tendr\u00e1 oportunidad para hacer un relato pormenorizado del estado en que recibi\u00f3 el pa\u00eds el 10 de diciembre y anunciar los proyectos que enviar\u00e1 al Congreso este a\u00f1o para su debate, entre los que estar\u00e1 la legalizaci\u00f3n del aborto.<\/p>\n<p>A pedido de la Jefatura de Gabinete, los ministerios y organismos estatales ya comenzaron a sistematizar informaci\u00f3n sobre sus \u00e1reas para que el Presidente cuente con el material que necesita para presentar lo que se conoce como memoria detallada del estado de la Naci\u00f3n -que abarca todo el per\u00edodo 2019, hasta el 31 de diciembre- y los proyectos para cada sector.<\/p>\n<p>En lo que refiere a la memoria, Fern\u00e1ndez tendr\u00e1 oportunidad para relatarle a la poblaci\u00f3n en qu\u00e9 condiciones le entreg\u00f3 el gobierno Mauricio Macri y que medidas inmediatas tom\u00f3 su gesti\u00f3n a partir del 10 de diciembre. Pero el Presidente se resiste a hacer de la herencia recibida un eje central del discurso. &#8220;\u00bfQu\u00e9 le voy a contar yo a la gente lo que dej\u00f3 Macri? La gente ya sabe todo, por algo nos votaron&#8221;, suele repetir ante sus colaboradores.<\/p>\n<p>Sin embargo, en los ministerios afirman que los n\u00fameros que mostrar\u00e1 el Presidente ser\u00e1n contundente, aunque el discurso no tendr\u00e1 una \u00e9pica refundacional. &#8220;El tono no va a ser &#8216;Patria o buitres&#8217;\u201d, aclar\u00f3 un funcionario que sigue de cerca el proceso de env\u00edo de informaci\u00f3n que ya iniciaron las diferentes reparticiones. La estrategia de no polarizar tiene el aval de todo el arco de la coalici\u00f3n oficialista. &#8220;La polarizaci\u00f3n no sirve. Hay que llevar la idea de la unidad electoral a la unidad nacional, seguir haciendo gestos para ampliar&#8221;, dijo un miembro destacado de La C\u00e1mpora.<\/p>\n<p>La ruta de los datos sale desde los ministerios hacia el primer piso de la Casa Rosada, donde los recibe y sistematiza la vicejefa de Gabinete, Cecilia Todesca, que luego se los env\u00eda a Gustavo Beliz. En la Casa Rosada se\u00f1alan al secretario de Asuntos Estrat\u00e9gicos como el principal colaborador del Presidente en la elaboraci\u00f3n del discurso y en la definici\u00f3n del tono pol\u00edtico. El primer mandatario completa sus consultas con los otros tres miembros de su mesa chica: la secretaria de Legal y T\u00e9cnica, Vilma Ibarra, el jefe de Asesores, Juan Manuel Olmos, y el jefe de Gabinete, Santiago Cafiero, que tambi\u00e9n incidieron en el discurso que Fern\u00e1ndez dio ante la Asamblea Legislativa el 10 de diciembre, cuando apel\u00f3 a la unidad nacional para hacer frente a los desaf\u00edos de la econom\u00eda.<\/p>\n<p>El tono podr\u00eda repetirse el 1 de marzo, a tres meses de la asunci\u00f3n, y sumar\u00e1 los anuncios de los proyectos que el Presidente, ya con un liderazgo m\u00e1s consolidado, le pedir\u00e1 al Congreso que trate en el per\u00edodo de sesiones ordinarias. Fern\u00e1ndez ya adelant\u00f3 durante su gira europea que la legalizaci\u00f3n del aborto formar\u00e1 parte de esa agenda y que el Poder Ejecutivo enviar\u00e1 un proyecto propio.<\/p>\n","protected":false},"excerpt":{"rendered":"<p>Con ayuda de Beliz y pedidos a ministros, el Presidente empez\u00f3 a delinear las palabras que dir\u00e1 frente a la Asamblea Legislativa el 1 de marzo. Habr\u00e1 referencias a la herencia y llamado a la unidad &nbsp; &nbsp; De pu\u00f1o y letra, personalmente, el presidente Alberto Fern\u00e1ndez ya prepara el borrador del discurso que dar\u00e1 ante la Asamblea Legislativa el 1 de marzo para inaugurar el 138\u00ba per\u00edodo de sesiones ordinarias, cuando tendr\u00e1 oportunidad para hacer un relato pormenorizado del estado en que recibi\u00f3 el pa\u00eds el 10 de diciembre&#8230;<\/p>\n","protected":false},"author":3,"featured_media":57565,"comment_status":"closed","ping_status":"closed","sticky":false,"template":"","format":"standard","meta":[],"categories":[18],"tags":[],"_links":{"self":[{"href":"https:\/\/www.actualidadadiario.com\/index.php\/wp-json\/wp\/v2\/posts\/57564"}],"collection":[{"href":"https:\/\/www.actualidadadiario.com\/index.php\/wp-json\/wp\/v2\/posts"}],"about":[{"href":"https:\/\/www.actualidadadiario.com\/index.php\/wp-json\/wp\/v2\/types\/post"}],"author":[{"embeddable":true,"href":"https:\/\/www.actualidadadiario.com\/index.php\/wp-json\/wp\/v2\/users\/3"}],"replies":[{"embeddable":true,"href":"https:\/\/www.actualidadadiario.com\/index.php\/wp-json\/wp\/v2\/comments?post=57564"}],"version-history":[{"count":1,"href":"https:\/\/www.actualidadadiario.com\/index.php\/wp-json\/wp\/v2\/posts\/57564\/revisions"}],"predecessor-version":[{"id":57566,"href":"https:\/\/www.actualidadadiario.com\/index.php\/wp-json\/wp\/v2\/posts\/57564\/revisions\/57566"}],"wp:featuredmedia":[{"embeddable":true,"href":"https:\/\/www.actualidadadiario.com\/index.php\/wp-json\/wp\/v2\/media\/57565"}],"wp:attachment":[{"href":"https:\/\/www.actualidadadiario.com\/index.php\/wp-json\/wp\/v2\/media?parent=57564"}],"wp:term":[{"taxonomy":"category","embeddable":true,"href":"https:\/\/www.actualidadadiario.com\/index.php\/wp-json\/wp\/v2\/categories?post=57564"},{"taxonomy":"post_tag","embeddable":true,"href":"https:\/\/www.actualidadadiario.com\/index.php\/wp-json\/wp\/v2\/tags?post=57564"}],"curies":[{"name":"wp","href":"https:\/\/api.w.org\/{rel}","templated":true}]}}