{"id":57561,"date":"2020-02-10T12:45:56","date_gmt":"2020-02-10T15:45:56","guid":{"rendered":"https:\/\/www.actualidadadiario.com\/?p=57561"},"modified":"2020-02-10T12:45:56","modified_gmt":"2020-02-10T15:45:56","slug":"martin-guzman-expondra-los-alcances-de-la-negociacion-con-el-fmi-en-el-congreso","status":"publish","type":"post","link":"https:\/\/www.actualidadadiario.com\/index.php\/2020\/02\/10\/martin-guzman-expondra-los-alcances-de-la-negociacion-con-el-fmi-en-el-congreso\/","title":{"rendered":"Mart\u00edn Guzm\u00e1n expondr\u00e1 los alcances de la negociaci\u00f3n con el FMI en el Congreso"},"content":{"rendered":"<p style=\"text-align: center;\"><em><strong>El ministro de Econom\u00eda de la Naci\u00f3n, Mart\u00edn Guzm\u00e1n, asistir\u00e1 este mi\u00e9rcoles a la C\u00e1mara de Diputados de la Naci\u00f3n para brindar detalles respecto a la renegociaci\u00f3n de la deuda con el fondo monetario internacional (FMI). La exposici\u00f3n del funcionario ser\u00e1 el mismo d\u00eda que arribar\u00e1 al pa\u00eds una comitiva de t\u00e9cnicos del organismo financiero internacional<\/strong><\/em><\/p>\n<p>&nbsp;<\/p>\n<p>La semana pasada la C\u00e1mara de Senadores de la Naci\u00f3n aprob\u00f3 por unanimidad el proyecto de ley de Restauraci\u00f3n de la Sostenibilidad de la Deuda P\u00fablica que le da al Gobierno nacional el marco institucional para avanzar en la negociaci\u00f3n con los acreedores extranjeros. La normativa se aprob\u00f3 por unanimidad y ya ten\u00eda el visto bueno de Diputados por mayor\u00eda.<\/p>\n<p>En ese marco, Guzm\u00e1n dialogar\u00e1 con los legisladores para defender la nueva ley, brindar los detalles de los avances tras su viaje a los Estados Unidos y responder las dudas o cuestionamientos de la oposici\u00f3n. Adem\u00e1s, los bonistas tambi\u00e9n piden conocer los alcances de la normativa, tras el respaldo pol\u00edtico cosechado por el presidente Alberto Fern\u00e1ndez tras su gira por Europa.<\/p>\n<p>Desde Estados Unidos los inversores piden detalles sobre el plan econ\u00f3mico de Guzm\u00e1n y se\u00f1alan que a\u00fan no hay n\u00fameros precisos respecto al panorama financiero de la Argentina en los pr\u00f3ximos a\u00f1os. Se espera que las predicciones sobre el crecimiento y otras variables econ\u00f3micas sean algunos de los temas que Guzm\u00e1n buscar\u00e1 explicar en el Congreso.<\/p>\n<p>Este viernes el presidente Alberto Fern\u00e1ndez, junto a una comitiva que tambi\u00e9n integr\u00f3 Guzm\u00e1n, arrib\u00f3 a la Argentina tras una semana en Europa, donde mantuvo distintos encuentros bilaterales con las m\u00e1ximas autoridades de Italia, Espa\u00f1a, Alemania y Francia. El objetivo fue conseguir el respaldo de otros pa\u00edses en el marco de la negociaci\u00f3n con el FMI.<\/p>\n","protected":false},"excerpt":{"rendered":"<p>El ministro de Econom\u00eda de la Naci\u00f3n, Mart\u00edn Guzm\u00e1n, asistir\u00e1 este mi\u00e9rcoles a la C\u00e1mara de Diputados de la Naci\u00f3n para brindar detalles respecto a la renegociaci\u00f3n de la deuda con el fondo monetario internacional (FMI). La exposici\u00f3n del funcionario ser\u00e1 el mismo d\u00eda que arribar\u00e1 al pa\u00eds una comitiva de t\u00e9cnicos del organismo financiero internacional &nbsp; La semana pasada la C\u00e1mara de Senadores de la Naci\u00f3n aprob\u00f3 por unanimidad el proyecto de ley de Restauraci\u00f3n de la Sostenibilidad de la Deuda P\u00fablica que le da al Gobierno nacional el&#8230;<\/p>\n","protected":false},"author":3,"featured_media":57562,"comment_status":"closed","ping_status":"closed","sticky":false,"template":"","format":"standard","meta":[],"categories":[18],"tags":[],"_links":{"self":[{"href":"https:\/\/www.actualidadadiario.com\/index.php\/wp-json\/wp\/v2\/posts\/57561"}],"collection":[{"href":"https:\/\/www.actualidadadiario.com\/index.php\/wp-json\/wp\/v2\/posts"}],"about":[{"href":"https:\/\/www.actualidadadiario.com\/index.php\/wp-json\/wp\/v2\/types\/post"}],"author":[{"embeddable":true,"href":"https:\/\/www.actualidadadiario.com\/index.php\/wp-json\/wp\/v2\/users\/3"}],"replies":[{"embeddable":true,"href":"https:\/\/www.actualidadadiario.com\/index.php\/wp-json\/wp\/v2\/comments?post=57561"}],"version-history":[{"count":1,"href":"https:\/\/www.actualidadadiario.com\/index.php\/wp-json\/wp\/v2\/posts\/57561\/revisions"}],"predecessor-version":[{"id":57563,"href":"https:\/\/www.actualidadadiario.com\/index.php\/wp-json\/wp\/v2\/posts\/57561\/revisions\/57563"}],"wp:featuredmedia":[{"embeddable":true,"href":"https:\/\/www.actualidadadiario.com\/index.php\/wp-json\/wp\/v2\/media\/57562"}],"wp:attachment":[{"href":"https:\/\/www.actualidadadiario.com\/index.php\/wp-json\/wp\/v2\/media?parent=57561"}],"wp:term":[{"taxonomy":"category","embeddable":true,"href":"https:\/\/www.actualidadadiario.com\/index.php\/wp-json\/wp\/v2\/categories?post=57561"},{"taxonomy":"post_tag","embeddable":true,"href":"https:\/\/www.actualidadadiario.com\/index.php\/wp-json\/wp\/v2\/tags?post=57561"}],"curies":[{"name":"wp","href":"https:\/\/api.w.org\/{rel}","templated":true}]}}