{"id":57558,"date":"2020-02-10T12:45:15","date_gmt":"2020-02-10T15:45:15","guid":{"rendered":"https:\/\/www.actualidadadiario.com\/?p=57558"},"modified":"2020-02-10T12:45:15","modified_gmt":"2020-02-10T15:45:15","slug":"el-gobierno-creo-una-unidad-que-relevara-las-opiniones-de-los-ciudadanos-sobre-las-politicas-implementadas","status":"publish","type":"post","link":"https:\/\/www.actualidadadiario.com\/index.php\/2020\/02\/10\/el-gobierno-creo-una-unidad-que-relevara-las-opiniones-de-los-ciudadanos-sobre-las-politicas-implementadas\/","title":{"rendered":"El Gobierno cre\u00f3 una unidad que relevar\u00e1 las opiniones de los ciudadanos sobre las pol\u00edticas implementadas"},"content":{"rendered":"<p style=\"text-align: center;\"><em><strong>Mediante la resoluci\u00f3n 16\/2020 desde el Gobierno oficializaron la creaci\u00f3n de la Unidad de Opini\u00f3n Ciudadana, en el \u00e1mbito de la Jefatura de Gabinete. Seg\u00fan establece la normativa publicada este lunes en el Bolet\u00edn Oficial y aprobada por el titular de esta \u00e1rea, Santiago Cafiero, estar\u00e1 a cargo de un funcionario fuera de nivel con rango y jerarqu\u00eda de Subsecretario<\/strong><\/em><\/p>\n<p>&nbsp;<\/p>\n<p>As\u00ed, esta Unidad tendr\u00e1 como objetivos los de relevar, sistematizar y analizar las percepciones de la ciudadan\u00eda sobre las acciones de gobierno, con el objetivo de informar a la gesti\u00f3n p\u00fablica nacional, como as\u00ed tambi\u00e9n desarrollar estudios en profundidad, que permitan identificar necesidades y expectativas de la ciudadan\u00eda y proveer insumos para el dise\u00f1o, implementaci\u00f3n y evaluaci\u00f3n de pol\u00edticas p\u00fablicas.<\/p>\n<p>Adem\u00e1s, deber\u00e1 generar conocimiento sobre la opini\u00f3n p\u00fablica atendiendo a las necesidades sectoriales de las diferentes \u00e1reas del gabinete del Poder Ejecutivo, brindando asistencia t\u00e9cnica si fuera solicitado y elaborar estudios que permitan conocer las opiniones p\u00fablicas de la poblaci\u00f3n sobre la evoluci\u00f3n de las pol\u00edticas implementadas.<\/p>\n<p>De esta manera, prev\u00e9n que la Unidad oficializada hoy, ser\u00e1 disuelta el 31 de diciembre del 2021, o antes si es que cumple los objetivos para los que fue creada. Respecto del funcionario que estar\u00e1 a cargo de este organismo, fue designado el licenciado Juan Mart\u00edn Gen\u00e9, como titular, quien tendr\u00e1 rango de subsecretario.<\/p>\n<p>\u201cLa naturaleza de los problemas que atraviesa el pa\u00eds requiere de equipos multidisciplinarios que puedan generar an\u00e1lisis complejos que combinen no solo t\u00e9cnicas de investigaci\u00f3n en opini\u00f3n publica sino tambi\u00e9n estrategias de investigaci\u00f3n socio-cultural capaces de analizar el discurso de poblaci\u00f3n\u201d, manifiesta el texto oficial respecto de la creaci\u00f3n de este \u00f3rgano.<\/p>\n<p>Asimismo, destacaron que el dise\u00f1o e implementaci\u00f3n de un nuevo contrato de ciudadan\u00eda social \u201crequiere interpelar de manera adecuada y precisa a la ciudadan\u00eda en general y en particular a las fuerzas pol\u00edticas, los sectores productivos, las confederaciones de trabajadores, los movimientos sociales, el entramado cient\u00edfico-tecnol\u00f3gico y a todo actor pol\u00edtico cuyas voluntades resulten necesarias para unir a la Argentina y ponerla de pie\u201d.<\/p>\n","protected":false},"excerpt":{"rendered":"<p>Mediante la resoluci\u00f3n 16\/2020 desde el Gobierno oficializaron la creaci\u00f3n de la Unidad de Opini\u00f3n Ciudadana, en el \u00e1mbito de la Jefatura de Gabinete. Seg\u00fan establece la normativa publicada este lunes en el Bolet\u00edn Oficial y aprobada por el titular de esta \u00e1rea, Santiago Cafiero, estar\u00e1 a cargo de un funcionario fuera de nivel con rango y jerarqu\u00eda de Subsecretario &nbsp; As\u00ed, esta Unidad tendr\u00e1 como objetivos los de relevar, sistematizar y analizar las percepciones de la ciudadan\u00eda sobre las acciones de gobierno, con el objetivo de informar a la&#8230;<\/p>\n","protected":false},"author":3,"featured_media":57559,"comment_status":"closed","ping_status":"closed","sticky":false,"template":"","format":"standard","meta":[],"categories":[18],"tags":[],"_links":{"self":[{"href":"https:\/\/www.actualidadadiario.com\/index.php\/wp-json\/wp\/v2\/posts\/57558"}],"collection":[{"href":"https:\/\/www.actualidadadiario.com\/index.php\/wp-json\/wp\/v2\/posts"}],"about":[{"href":"https:\/\/www.actualidadadiario.com\/index.php\/wp-json\/wp\/v2\/types\/post"}],"author":[{"embeddable":true,"href":"https:\/\/www.actualidadadiario.com\/index.php\/wp-json\/wp\/v2\/users\/3"}],"replies":[{"embeddable":true,"href":"https:\/\/www.actualidadadiario.com\/index.php\/wp-json\/wp\/v2\/comments?post=57558"}],"version-history":[{"count":1,"href":"https:\/\/www.actualidadadiario.com\/index.php\/wp-json\/wp\/v2\/posts\/57558\/revisions"}],"predecessor-version":[{"id":57560,"href":"https:\/\/www.actualidadadiario.com\/index.php\/wp-json\/wp\/v2\/posts\/57558\/revisions\/57560"}],"wp:featuredmedia":[{"embeddable":true,"href":"https:\/\/www.actualidadadiario.com\/index.php\/wp-json\/wp\/v2\/media\/57559"}],"wp:attachment":[{"href":"https:\/\/www.actualidadadiario.com\/index.php\/wp-json\/wp\/v2\/media?parent=57558"}],"wp:term":[{"taxonomy":"category","embeddable":true,"href":"https:\/\/www.actualidadadiario.com\/index.php\/wp-json\/wp\/v2\/categories?post=57558"},{"taxonomy":"post_tag","embeddable":true,"href":"https:\/\/www.actualidadadiario.com\/index.php\/wp-json\/wp\/v2\/tags?post=57558"}],"curies":[{"name":"wp","href":"https:\/\/api.w.org\/{rel}","templated":true}]}}