{"id":57555,"date":"2020-02-10T12:44:33","date_gmt":"2020-02-10T15:44:33","guid":{"rendered":"https:\/\/www.actualidadadiario.com\/?p=57555"},"modified":"2020-02-10T12:44:33","modified_gmt":"2020-02-10T15:44:33","slug":"como-sera-la-propuesta-salarial-docente-que-propone-el-gobierno","status":"publish","type":"post","link":"https:\/\/www.actualidadadiario.com\/index.php\/2020\/02\/10\/como-sera-la-propuesta-salarial-docente-que-propone-el-gobierno\/","title":{"rendered":"C\u00f3mo ser\u00e1 la propuesta salarial docente que propone el gobierno"},"content":{"rendered":"<p style=\"text-align: center;\"><em><strong>El ministro de Educaci\u00f3n eval\u00faa nuevas alternativas para recomponer el poder adquisitivo de los docentes<\/strong><\/em><\/p>\n<p>&nbsp;<\/p>\n<p>&nbsp;<\/p>\n<p>En la jornada del domingo, el actual ministro de Educaci\u00f3n nacional, Nicol\u00e1s Trotta, expres\u00f3 cu\u00e1l es la propuesta que eval\u00faan desde el gobierno para poder hacer frente a las discusiones salariales con los gremios docentes. Seg\u00fan lo expres\u00f3, el prop\u00f3sito que persigue el presidente Alberto Fern\u00e1ndez consiste en que \u201clos salarios le ganen a la inflaci\u00f3n\u201d.<\/p>\n<p>En medio de la crisis econ\u00f3mica y social, el gobierno nacional apuesta a la recomposici\u00f3n del consumo interno. Para esto, las discusiones salariales son un punto clave ya que, los docentes no lograron aumentar sus ingresos por encima de la inflaci\u00f3n que dej\u00f3 el gobierno de Mauricio Macri. La inflaci\u00f3n del 2019 super\u00f3 ampliamente el 50%.<\/p>\n<p>Seg\u00fan dio a entender el ministro Trotta, se busca establecer una \u201cdiscusi\u00f3n trimestral continua\u201d. Otro punto fundamental es el inicio de las clases. Al respecto, el funcionario del Frente de Todos precis\u00f3: \u201cEstamos trabajando para que las clases arranquen en fecha y se cumplan los 180 d\u00edas de clases\u201d.<\/p>\n<p>A principios de 2020, el gobierno acord\u00f3 la implementaci\u00f3n de la paritaria nacional docente. Gracias a este mecanismo, los trabajadores de la educaci\u00f3n pod\u00edan establecer aumentos de referencia para todo el pa\u00eds. De esta forma, los aumentos ser\u00edan m\u00e1s justos y equitativos entre las partes. Con este fin, se conformaron 10 comisiones de trabajo, las cuales tienen una agenda en com\u00fan.<\/p>\n<p>Dichas comisiones est\u00e1n compuestas por representantes gremiales de todos los distritos del pa\u00eds, provincias y funcionarios del Estado. Algunos puntos claves a discutir est\u00e1n vinculados con la mejora salarial, el reacondicionamiento de los espacios de trabajo, el lanzamiento de programas educativos, la formaci\u00f3n docente, entre otros.<\/p>\n","protected":false},"excerpt":{"rendered":"<p>El ministro de Educaci\u00f3n eval\u00faa nuevas alternativas para recomponer el poder adquisitivo de los docentes &nbsp; &nbsp; En la jornada del domingo, el actual ministro de Educaci\u00f3n nacional, Nicol\u00e1s Trotta, expres\u00f3 cu\u00e1l es la propuesta que eval\u00faan desde el gobierno para poder hacer frente a las discusiones salariales con los gremios docentes. Seg\u00fan lo expres\u00f3, el prop\u00f3sito que persigue el presidente Alberto Fern\u00e1ndez consiste en que \u201clos salarios le ganen a la inflaci\u00f3n\u201d. En medio de la crisis econ\u00f3mica y social, el gobierno nacional apuesta a la recomposici\u00f3n del consumo&#8230;<\/p>\n","protected":false},"author":3,"featured_media":57556,"comment_status":"closed","ping_status":"closed","sticky":false,"template":"","format":"standard","meta":[],"categories":[18],"tags":[],"_links":{"self":[{"href":"https:\/\/www.actualidadadiario.com\/index.php\/wp-json\/wp\/v2\/posts\/57555"}],"collection":[{"href":"https:\/\/www.actualidadadiario.com\/index.php\/wp-json\/wp\/v2\/posts"}],"about":[{"href":"https:\/\/www.actualidadadiario.com\/index.php\/wp-json\/wp\/v2\/types\/post"}],"author":[{"embeddable":true,"href":"https:\/\/www.actualidadadiario.com\/index.php\/wp-json\/wp\/v2\/users\/3"}],"replies":[{"embeddable":true,"href":"https:\/\/www.actualidadadiario.com\/index.php\/wp-json\/wp\/v2\/comments?post=57555"}],"version-history":[{"count":1,"href":"https:\/\/www.actualidadadiario.com\/index.php\/wp-json\/wp\/v2\/posts\/57555\/revisions"}],"predecessor-version":[{"id":57557,"href":"https:\/\/www.actualidadadiario.com\/index.php\/wp-json\/wp\/v2\/posts\/57555\/revisions\/57557"}],"wp:featuredmedia":[{"embeddable":true,"href":"https:\/\/www.actualidadadiario.com\/index.php\/wp-json\/wp\/v2\/media\/57556"}],"wp:attachment":[{"href":"https:\/\/www.actualidadadiario.com\/index.php\/wp-json\/wp\/v2\/media?parent=57555"}],"wp:term":[{"taxonomy":"category","embeddable":true,"href":"https:\/\/www.actualidadadiario.com\/index.php\/wp-json\/wp\/v2\/categories?post=57555"},{"taxonomy":"post_tag","embeddable":true,"href":"https:\/\/www.actualidadadiario.com\/index.php\/wp-json\/wp\/v2\/tags?post=57555"}],"curies":[{"name":"wp","href":"https:\/\/api.w.org\/{rel}","templated":true}]}}