{"id":57552,"date":"2020-02-10T12:43:50","date_gmt":"2020-02-10T15:43:50","guid":{"rendered":"https:\/\/www.actualidadadiario.com\/?p=57552"},"modified":"2020-02-10T12:43:50","modified_gmt":"2020-02-10T15:43:50","slug":"las-autoridades-del-parlasur-se-reunen-por-primera-vez-en-buenos-aires","status":"publish","type":"post","link":"https:\/\/www.actualidadadiario.com\/index.php\/2020\/02\/10\/las-autoridades-del-parlasur-se-reunen-por-primera-vez-en-buenos-aires\/","title":{"rendered":"Las autoridades del Parlasur se re\u00fanen por primera vez en Buenos Aires"},"content":{"rendered":"<p style=\"text-align: center;\"><em><strong>La Mesa Directiva del Parlamento del Mercosur (Parlasur) se reunir\u00e1 por primera vez en Buenos Aires, este lunes desde las 10. 30 para dar comienzo a las actividades del a\u00f1o 2020. La reuni\u00f3n tendr\u00e1 lugar en la C\u00e1mara de Diputados de la Naci\u00f3n y contar\u00e1 con la participaci\u00f3n del titular del cuerpo, Sergio Massa. Los principales ejes, democracia e integraci\u00f3n regional<\/strong><\/em><\/p>\n<p>&nbsp;<\/p>\n<p>\u201cEsta ser\u00e1 la primera reuni\u00f3n de la Mesa Directiva que presidir\u00e1 el Parlamentario argentino Oscar Laborde, en la que se abordar\u00e1 la planificaci\u00f3n de las actividades del Plenario del Parlasur para el ejercicio del presente a\u00f1o. Tambi\u00e9n est\u00e1 previsto dentro de la agenda que los miembros de la Mesa Directiva se re\u00fanan con autoridades de Canciller\u00eda argentina\u201d, se inform\u00f3 a trav\u00e9s de un comunicado.<\/p>\n<p>Seg\u00fan precis\u00f3 el titular del Parlasur, Para el Presidente Laborde, los principales ejes de trabajo en 2020 apuntar\u00e1n al \u201cfortalecimiento de la democracia y de los mecanismos de la integraci\u00f3n regional como el MERCOSUR y la CELAC\u201d. Asimismo destac\u00f3 que \u201cel MERCOSUR debe seguir siendo un espacio donde se impulsen los valores democr\u00e1ticos, la paz y la seguridad regional\u201d.<\/p>\n<p>Asistir\u00e1n a la reuni\u00f3n Parlamentarios de las diferentes Delegaciones nacionales, entre ellos Oscar Laborde, Presidente del PARLASUR y Cecilia Britto, Jefa de Delegaci\u00f3n Argentina; los Parlamentarios Nelsinho Trad, Jefe de la Delegaci\u00f3n de Brasil, Celso Russomanno, Vicepresidente del PARLASUR y el Parlamentario Arlindo Chinaglia; los Parlamentarios Tomas Bittar, Vicepresidente del PARLASUR y Manuel Morinigo, Jefe de Delegaci\u00f3n paraguaya ante el PARLASUR.<\/p>\n<p>Tambi\u00e9n los Parlamentarios Gustavo Penades, Jefe de Delegaci\u00f3n uruguaya ante el PARLASUR y Daniel Caggiani, Vicepresidente del PARLASUR; los Parlamentarios Luis Emilio Rond\u00f3n, Vicepresidente del PARLASUR y Oscar Ronderos, Jefe de Delegaci\u00f3n venezolana ante el PARLASUR; y las Parlamentarias Benita D\u00edaz y Eliana Bert\u00f3n, ambas representantes de la Delegaci\u00f3n de Bolivia.<\/p>\n","protected":false},"excerpt":{"rendered":"<p>La Mesa Directiva del Parlamento del Mercosur (Parlasur) se reunir\u00e1 por primera vez en Buenos Aires, este lunes desde las 10. 30 para dar comienzo a las actividades del a\u00f1o 2020. La reuni\u00f3n tendr\u00e1 lugar en la C\u00e1mara de Diputados de la Naci\u00f3n y contar\u00e1 con la participaci\u00f3n del titular del cuerpo, Sergio Massa. Los principales ejes, democracia e integraci\u00f3n regional &nbsp; \u201cEsta ser\u00e1 la primera reuni\u00f3n de la Mesa Directiva que presidir\u00e1 el Parlamentario argentino Oscar Laborde, en la que se abordar\u00e1 la planificaci\u00f3n de las actividades del Plenario&#8230;<\/p>\n","protected":false},"author":3,"featured_media":57553,"comment_status":"closed","ping_status":"closed","sticky":false,"template":"","format":"standard","meta":[],"categories":[18],"tags":[],"_links":{"self":[{"href":"https:\/\/www.actualidadadiario.com\/index.php\/wp-json\/wp\/v2\/posts\/57552"}],"collection":[{"href":"https:\/\/www.actualidadadiario.com\/index.php\/wp-json\/wp\/v2\/posts"}],"about":[{"href":"https:\/\/www.actualidadadiario.com\/index.php\/wp-json\/wp\/v2\/types\/post"}],"author":[{"embeddable":true,"href":"https:\/\/www.actualidadadiario.com\/index.php\/wp-json\/wp\/v2\/users\/3"}],"replies":[{"embeddable":true,"href":"https:\/\/www.actualidadadiario.com\/index.php\/wp-json\/wp\/v2\/comments?post=57552"}],"version-history":[{"count":1,"href":"https:\/\/www.actualidadadiario.com\/index.php\/wp-json\/wp\/v2\/posts\/57552\/revisions"}],"predecessor-version":[{"id":57554,"href":"https:\/\/www.actualidadadiario.com\/index.php\/wp-json\/wp\/v2\/posts\/57552\/revisions\/57554"}],"wp:featuredmedia":[{"embeddable":true,"href":"https:\/\/www.actualidadadiario.com\/index.php\/wp-json\/wp\/v2\/media\/57553"}],"wp:attachment":[{"href":"https:\/\/www.actualidadadiario.com\/index.php\/wp-json\/wp\/v2\/media?parent=57552"}],"wp:term":[{"taxonomy":"category","embeddable":true,"href":"https:\/\/www.actualidadadiario.com\/index.php\/wp-json\/wp\/v2\/categories?post=57552"},{"taxonomy":"post_tag","embeddable":true,"href":"https:\/\/www.actualidadadiario.com\/index.php\/wp-json\/wp\/v2\/tags?post=57552"}],"curies":[{"name":"wp","href":"https:\/\/api.w.org\/{rel}","templated":true}]}}