{"id":57546,"date":"2020-02-10T12:42:16","date_gmt":"2020-02-10T15:42:16","guid":{"rendered":"https:\/\/www.actualidadadiario.com\/?p=57546"},"modified":"2020-02-10T12:42:16","modified_gmt":"2020-02-10T15:42:16","slug":"aborto-los-puntos-que-incorpora-el-gobierno-para-aprobarlo-en-mayo","status":"publish","type":"post","link":"https:\/\/www.actualidadadiario.com\/index.php\/2020\/02\/10\/aborto-los-puntos-que-incorpora-el-gobierno-para-aprobarlo-en-mayo\/","title":{"rendered":"Aborto: los puntos que incorpora el gobierno para aprobarlo en mayo"},"content":{"rendered":"<p style=\"text-align: center;\"><em><strong>El Ejecutivo enviar\u00e1 una bater\u00eda amplia de medidas para asistir a las personas gestantes, no s\u00f3lo a las que quieren interrumpir su embarazo sino a las que desean continuarlo. La posici\u00f3n del colectivo de mujeres sobre la iniciativa y los n\u00fameros en el Parlamento. El rol de Vilma Ibarra<\/strong><\/em><\/p>\n<p>&nbsp;<\/p>\n<p>&nbsp;<\/p>\n<p>Por primera vez desde la llegada de la democracia, un presidente firmar\u00e1 un proyecto de aborto legal que ingresar\u00e1 al Congreso enviado por el Ejecutivo para su tratamiento y sanci\u00f3n. Este diario accedi\u00f3 a la redacci\u00f3n de algunos de sus p\u00e1rrafos, en los que se propone una iniciativa &#8220;integral&#8221; que tenga &#8220;el objetivo de acompa\u00f1ar desde el Estado a todas las mujeres y personas gestantes, sea cual sea su decisi\u00f3n, garantizando el acceso a la salud y a la libre elecci\u00f3n de un proyecto de vida social y econ\u00f3micamente digno&#8221;. La fecha estimada por el oficialismo para que la ley sea una realidad es mayo.<\/p>\n<p>&#8220;Voy a enviar al Congreso una ley que termine con la penalizaci\u00f3n del aborto y que permita la atenci\u00f3n de cualquier aborto en los centros de salud p\u00fablica&#8221;, dijo Alberto Fern\u00e1ndez, el pasado\u00a0 mi\u00e9rcoles 5 de febrero en Francia.<\/p>\n<p>Seg\u00fan confirmaron fuentes involucradas en la elaboraci\u00f3n de esta iniciativa pol\u00edtica, los proyectos de ley ser\u00e1n dos: uno para garantizar la legalidad del aborto y otro para acompa\u00f1ar los embarazos deseados. Desde el Ejecutivo confirmaron que ambas iniciativas ser\u00e1n enviadas de manera conjunta al Congreso, ingresar\u00e1n por la C\u00e1mara de Diputados. Se espera que su tratamiento no tenga la velocidad que tuvieron las leyes de emergencia, pero tampoco que se dilate o cajonee.<\/p>\n<p>Todav\u00eda la comisi\u00f3n de Salud, una de las involucradas en el tratamiento, no est\u00e1 conformada. Adem\u00e1s de Salud, integrar\u00edan el plenario Legislaci\u00f3n General y Mujer, una comisi\u00f3n nueva.<\/p>\n<p>La lapicera principal que redacta ambas iniciativas es la de la secretaria Legal y T\u00e9cnica, Vilma Ibarra. A ella se le suma la coordinaci\u00f3n del Ministerio de las Mujeres, G\u00e9neros y Diversidad, que conduce Elizabeth G\u00f3mez Alcorta, y el de Salud, que encabeza Gin\u00e9s Gonz\u00e1lez Garc\u00eda, el primer funcionario de alto rango en pronunciarse a favor del aborto legal en 2005.<\/p>\n<p>Tambi\u00e9n est\u00e1n involucrados los ministerios de Desarrollo Social y Justicia.<\/p>\n<p>El texto que intentar\u00e1 legislar la interrupci\u00f3n voluntaria del embarazo prev\u00e9 despenalizar y legalizar el aborto en las primeras 12 o 14 semanas de gestaci\u00f3n. M\u00e1s all\u00e1 de ese plazo ya corre la legislaci\u00f3n actual para los casos previstos en el C\u00f3digo Penal, cuando corre riesgo la vida o la salud de la mujer o en caso de violaci\u00f3n.<\/p>\n<p>G\u00f3mez Alcorta sum\u00f3 su voz: &#8220;Sabemos de la voluntad pol\u00edtica clara del presidente de que el Poder Ejecutivo env\u00ede al Congreso un proyecto de legalizaci\u00f3n de la interrupci\u00f3n legal del embarazo&#8221;. &#8220;Nosotras acompa\u00f1amos la decisi\u00f3n del Poder Ejecutivo entendiendo que hay que\u00a0 hacer una lectura en clave de salud p\u00fablica. La principal tasa de mortalidad materna est\u00e1 vinculada a los abortos clandestinos y sabemos que tiene mayor impacto en las mujeres que no pueden acceder de manera segura al aborto. En ese sentido no creo que haya llamado la atenci\u00f3n la iniciativa, ni tampoco las tensiones que genera, que son l\u00f3gicas y respetables. No sorprendi\u00f3 en lo m\u00e1s m\u00ednimo&#8221;, sostuvo Alcorta en declaraciones a la prensa.<\/p>\n<p>La iniciativa legislativa en la que se est\u00e1 trabajando propone &#8220;garantizar el acompa\u00f1amiento social y econ\u00f3mico del Estado a todas las personas gestantes bajo proceso de gestaci\u00f3n y durante los primeros d\u00edas de vida de los ni\u00f1os&#8221;. &#8220;El objetivo es acompa\u00f1ar desde el Estado a todas las mujeres y personas gestantes, sea cual sea su decisi\u00f3n, garantizando para el acceso a la salud y a la elecci\u00f3n libre de un proyecto de vida social y econ\u00f3micamente digno&#8221;, dice parte del texto.<\/p>\n<p>&nbsp;<\/p>\n<p>Fuentes gubernamentales confirmaron que el trabajo de elaboraci\u00f3n es &#8220;interdisciplinario, integral y amplio&#8221;, despeja toda duda sobre la legalizaci\u00f3n y atenci\u00f3n en centros p\u00fablicos de salud \u2013tal como ya dijo en reiteradas oportunidades el presidente Fern\u00e1ndez, durante la campa\u00f1a y ya en ejercicio de la presidencia\u2013 y hace eje en la medida como una necesidad de salud p\u00fablica. A su vez, el gobierno presentar\u00e1 otro proyecto integral para aquellas personas que quieran continuar con el embarazo. Tambi\u00e9n se eval\u00faa desarrollar una propuesta de mejora del sistema de adopci\u00f3n y un plan para ampliar el funcionamiento de las casas de tr\u00e1nsito.<\/p>\n<p>En paralelo, la Campa\u00f1a por el Aborto Legal Seguro y Gratuito festej\u00f3 la iniciativa y destac\u00f3 que el proyecto del Ejecutivo suma voluntades a las ya existentes y eval\u00faan que la victoria en Diputados ser\u00e1 contundente al a vez que estiman que en el Senado la cuenta ser\u00e1 m\u00e1s ajustada. Sin embargo, al contar con la voluntad del gobierno nacional, no s\u00f3lo pueden sumar votos que se alineen por organicidad sino que a su vez, se pueden explorar formas creativas de llegar a la mayor\u00eda. De hecho, en la C\u00e1mara Alta recuerdan cuando Cristina Fern\u00e1ndez viaj\u00f3 a China junto a dos senadoras que se opon\u00edan al matrimonio igualitario y as\u00ed se pudo conseguir una votaci\u00f3n favorable para esa ley en el recinto m\u00e1s conservador del Parlamento.<\/p>\n<p>Por lo pronto, el movimiento feminista tiene cita para el mi\u00e9rcoles 19 de febrero frente al Congreso y en todo el pa\u00eds. Ser\u00e1 para demandar a los legisladores nacionales la sanci\u00f3n de este postergado derecho con festivales, asambleas, vigilias, performances, pa\u00f1uelazos.<\/p>\n<p>El proyecto de la Campa\u00f1a, que recoge lo aprobado por la media sanci\u00f3n en Diputados, tiene vigencia parlamentaria, ya que fue presentado el 28 de mayo de 2019. Se eval\u00faa que el dictamen del plenario de comisiones puede recoger ambas iniciativas \u2013que son muy similares\u2013 y llevar una propuesta unificada al recinto.<\/p>\n<p>Desde la Campa\u00f1a eval\u00faan que el proyecto de acompa\u00f1amiento a embarazos deseados ayuda a saldar dicotom\u00edas falsas. &#8220;El Estado tiene que garantizar la decisi\u00f3n siempre, cuando quer\u00e9s ser mam\u00e1 y cuando no quer\u00e9s&#8221;, asegur\u00f3 Vicky Tesoriero, miembro de la Campa\u00f1a. &#8220;Con la sanci\u00f3n de la ley se termina una etapa de lucha y se abre una nueva,\u00a0 de garant\u00eda de derechos&#8221;, sintetiz\u00f3. \u00ab<\/p>\n<p>&nbsp;<\/p>\n<p><strong>La militancia de Vilma<\/strong><\/p>\n<p>Est\u00e1 claro que Vilma Ibarra no debe a su cargo de secretaria Legal y T\u00e9cnica el encargo de redactar los proyectos sobre aborto. En rigor, viene haciendo m\u00e9ritos para afrontar esta tarea tan sensible desde hace d\u00e9cadas, como activa militante de los derechos sexuales y reproductivos. Impulsora de la Ley de Matrimonio Igualitario cuando presid\u00eda, como diputada, la comisi\u00f3n de Legislaci\u00f3n General, Ibarra ya hab\u00eda presentado en 2006 un proyecto de interrupci\u00f3n voluntaria del embarazo, entonces como senadora del Frente Grande. Depositaria de toda la confianza de Alberto Fern\u00e1ndez \u2013fueron pareja hace muchos a\u00f1os\u2013, Vilma no se calla: en diciembre, en la primera reuni\u00f3n del presidente con empresarios y sindicalistas, critic\u00f3 p\u00fablicamente que no hubiera mujeres en la foto.<\/p>\n","protected":false},"excerpt":{"rendered":"<p>El Ejecutivo enviar\u00e1 una bater\u00eda amplia de medidas para asistir a las personas gestantes, no s\u00f3lo a las que quieren interrumpir su embarazo sino a las que desean continuarlo. La posici\u00f3n del colectivo de mujeres sobre la iniciativa y los n\u00fameros en el Parlamento. El rol de Vilma Ibarra &nbsp; &nbsp; Por primera vez desde la llegada de la democracia, un presidente firmar\u00e1 un proyecto de aborto legal que ingresar\u00e1 al Congreso enviado por el Ejecutivo para su tratamiento y sanci\u00f3n. Este diario accedi\u00f3 a la redacci\u00f3n de algunos de&#8230;<\/p>\n","protected":false},"author":3,"featured_media":57547,"comment_status":"closed","ping_status":"closed","sticky":false,"template":"","format":"standard","meta":[],"categories":[9],"tags":[],"_links":{"self":[{"href":"https:\/\/www.actualidadadiario.com\/index.php\/wp-json\/wp\/v2\/posts\/57546"}],"collection":[{"href":"https:\/\/www.actualidadadiario.com\/index.php\/wp-json\/wp\/v2\/posts"}],"about":[{"href":"https:\/\/www.actualidadadiario.com\/index.php\/wp-json\/wp\/v2\/types\/post"}],"author":[{"embeddable":true,"href":"https:\/\/www.actualidadadiario.com\/index.php\/wp-json\/wp\/v2\/users\/3"}],"replies":[{"embeddable":true,"href":"https:\/\/www.actualidadadiario.com\/index.php\/wp-json\/wp\/v2\/comments?post=57546"}],"version-history":[{"count":1,"href":"https:\/\/www.actualidadadiario.com\/index.php\/wp-json\/wp\/v2\/posts\/57546\/revisions"}],"predecessor-version":[{"id":57548,"href":"https:\/\/www.actualidadadiario.com\/index.php\/wp-json\/wp\/v2\/posts\/57546\/revisions\/57548"}],"wp:featuredmedia":[{"embeddable":true,"href":"https:\/\/www.actualidadadiario.com\/index.php\/wp-json\/wp\/v2\/media\/57547"}],"wp:attachment":[{"href":"https:\/\/www.actualidadadiario.com\/index.php\/wp-json\/wp\/v2\/media?parent=57546"}],"wp:term":[{"taxonomy":"category","embeddable":true,"href":"https:\/\/www.actualidadadiario.com\/index.php\/wp-json\/wp\/v2\/categories?post=57546"},{"taxonomy":"post_tag","embeddable":true,"href":"https:\/\/www.actualidadadiario.com\/index.php\/wp-json\/wp\/v2\/tags?post=57546"}],"curies":[{"name":"wp","href":"https:\/\/api.w.org\/{rel}","templated":true}]}}