{"id":57543,"date":"2020-02-10T12:41:24","date_gmt":"2020-02-10T15:41:24","guid":{"rendered":"https:\/\/www.actualidadadiario.com\/?p=57543"},"modified":"2020-02-10T12:41:24","modified_gmt":"2020-02-10T15:41:24","slug":"la-deuda-el-aborto-y-las-charlas-con-macri-las-otras-definiciones-de-fernandez","status":"publish","type":"post","link":"https:\/\/www.actualidadadiario.com\/index.php\/2020\/02\/10\/la-deuda-el-aborto-y-las-charlas-con-macri-las-otras-definiciones-de-fernandez\/","title":{"rendered":"La deuda, el aborto y las charlas con Macri, las otras definiciones de Fern\u00e1ndez"},"content":{"rendered":"<p style=\"text-align: center;\"><em><strong>A dos meses de asumir, el Presidente hizo un balance de su gesti\u00f3n y habl\u00f3 de varios temas: la coparticipaci\u00f3n de la Ciudad, su relaci\u00f3n con el ministro bonaerense Sergio Berni y la gira europea<\/strong><\/em><\/p>\n<p>&nbsp;<\/p>\n<p>&nbsp;<\/p>\n<p>El presidente Alberto Fern\u00e1ndez reflexion\u00f3 sobre sus dos primeros meses de gesti\u00f3n. Con la econom\u00eda en el centro de la escena, habl\u00f3 de su gira europea y el respaldo que recibi\u00f3 de los principales dirigentes pol\u00edticos para renegociar la deuda argentina con el Fondo Monetario Internacional (FMI). Tambi\u00e9n, ratific\u00f3 su postura a favor de la despenalizaci\u00f3n del aborto y revel\u00f3 que habl\u00f3 con su antecesor Mauricio Macri durante el verano.<\/p>\n<p>&nbsp;<\/p>\n<p><strong>La deuda con el FMI<\/strong><\/p>\n<p>El mandatario dijo que no escuch\u00f3 lo que dijo su vicepresidenta Cristina Kirchner el fin de semana sobre la negociaci\u00f3n de la deuda y aclar\u00f3 que el di\u00e1logo con el FMI y los acreedores privados tiene que desarrollarse &#8220;con mucho cuidado&#8221;.<\/p>\n<p>&#8220;Con el Fondo estamos empezando a hablar. Yo no s\u00e9 si Cristina estaba hablando espec\u00edficamente del Fondo o de los acreedores privados. Porque no escuch\u00e9 lo que dijo Cristina&#8221;, indic\u00f3.<\/p>\n<p>Fern\u00e1ndez sostuvo que de todas maneras &#8220;son negociaciones que reci\u00e9n empiezan, hay que darle tiempo, como toda negociaci\u00f3n hay que hacerla con prudencia medi\u00e1tica como digo siempre, con mucho cuidado. Esta semana viene la representaci\u00f3n del Fondo para trabajar con nosotros y veremos all\u00ed c\u00f3mo vamos avanzando&#8221;.<\/p>\n<p>&nbsp;<\/p>\n<p><strong>El aborto y su encuentro con el Papa<\/strong><\/p>\n<p>\u201cNo hablamos sobre el aborto con el Papa. El aborto hoy en d\u00eda es un delito y obliga a la mujeres que lo practican a hacerlo en condiciones de clandestinidad\u201d, record\u00f3.<\/p>\n<p>En esta l\u00ednea, recalc\u00f3 que \u201cla penalizaci\u00f3n del aborto es un da\u00f1o enorme para la Argentina\u201d y reiter\u00f3 su posici\u00f3n: \u201cHay despenalizarlo y legalizarlo\u201d.<\/p>\n<p>&#8220;La idea es terminar de una vez con esta discusi\u00f3n que no s\u00e9 por qu\u00e9 se prolonga tanto tiempo, que me parece que es parte de la hipocres\u00eda argentina porque mientras discutimos los abortos se siguen practicando&#8221;, agreg\u00f3.<\/p>\n<p>&nbsp;<\/p>\n<p><strong>La charla con Macri<\/strong><\/p>\n<p>\u201cHabl\u00e9 en el verano con Macri, fueron charlas muy cordiales. Nos mandamos mensajes por WhatsApp. Hablamos mientras \u00e9l estaba en el sur. Hablamos de diferentes temas, pero tampoco es que tuvimos una charla trascendental\u201d, cont\u00f3 el Presidente.<\/p>\n<p>&nbsp;<\/p>\n<p><strong>La gira europea<\/strong><\/p>\n<p>Fern\u00e1ndez evalu\u00f3 dijo que fue &#8220;mucho m\u00e1s que productiva&#8221; y resalt\u00f3 que en todos los encuentros que mantuvo con los jefes pol\u00edticos de Italia, Espa\u00f1a, Francia y Alemania recibi\u00f3 &#8220;una respuesta de apoyo, y eso fue muy importante&#8221;.<\/p>\n<p>&nbsp;<\/p>\n<p><strong>El cortocircuito Frederic-Berni<\/strong><\/p>\n<p>\u201cTodos queremos trabajar para que la inseguridad no sea un problema, si la provincia de Buenos Aires tiene un m\u00e9todo propio que lo explique (Berni). No s\u00e9 qu\u00e9 piensa, ni qu\u00e9 quiere. Lo que me preocupa es lo que proponemos a nivel nacional. Estoy muy conforme con el pensamiento de mi ministra y comparto todo lo que ella dice\u201d, se\u00f1al\u00f3.<\/p>\n<p>&nbsp;<\/p>\n<p><strong>Coparticipaci\u00f3n de la Ciudad<\/strong><\/p>\n<p>El Presidente aclar\u00f3 que &#8220;no es un castigo&#8221; sino &#8220;poner justicia&#8221; la decisi\u00f3n de avanzar, a partir del di\u00e1logo con la gesti\u00f3n porte\u00f1a, encabezada por Horacio Rodr\u00edguez Larreta, en una eventual rebaja en el porcentaje de coparticipaci\u00f3n federal que recibe la Ciudad de Buenos Aires.<\/p>\n<p>&nbsp;<\/p>\n<p><strong>El d\u00f3lar turista<\/strong><\/p>\n<p>&#8220;No lo vamos a eliminar, nosotros recibimos un Banco Central lastimado, la Argentina se qued\u00f3 sin d\u00f3lares&#8221;, confirm\u00f3.<\/p>\n","protected":false},"excerpt":{"rendered":"<p>A dos meses de asumir, el Presidente hizo un balance de su gesti\u00f3n y habl\u00f3 de varios temas: la coparticipaci\u00f3n de la Ciudad, su relaci\u00f3n con el ministro bonaerense Sergio Berni y la gira europea &nbsp; &nbsp; El presidente Alberto Fern\u00e1ndez reflexion\u00f3 sobre sus dos primeros meses de gesti\u00f3n. Con la econom\u00eda en el centro de la escena, habl\u00f3 de su gira europea y el respaldo que recibi\u00f3 de los principales dirigentes pol\u00edticos para renegociar la deuda argentina con el Fondo Monetario Internacional (FMI). Tambi\u00e9n, ratific\u00f3 su postura a favor&#8230;<\/p>\n","protected":false},"author":3,"featured_media":57544,"comment_status":"closed","ping_status":"closed","sticky":false,"template":"","format":"standard","meta":[],"categories":[9],"tags":[],"_links":{"self":[{"href":"https:\/\/www.actualidadadiario.com\/index.php\/wp-json\/wp\/v2\/posts\/57543"}],"collection":[{"href":"https:\/\/www.actualidadadiario.com\/index.php\/wp-json\/wp\/v2\/posts"}],"about":[{"href":"https:\/\/www.actualidadadiario.com\/index.php\/wp-json\/wp\/v2\/types\/post"}],"author":[{"embeddable":true,"href":"https:\/\/www.actualidadadiario.com\/index.php\/wp-json\/wp\/v2\/users\/3"}],"replies":[{"embeddable":true,"href":"https:\/\/www.actualidadadiario.com\/index.php\/wp-json\/wp\/v2\/comments?post=57543"}],"version-history":[{"count":1,"href":"https:\/\/www.actualidadadiario.com\/index.php\/wp-json\/wp\/v2\/posts\/57543\/revisions"}],"predecessor-version":[{"id":57545,"href":"https:\/\/www.actualidadadiario.com\/index.php\/wp-json\/wp\/v2\/posts\/57543\/revisions\/57545"}],"wp:featuredmedia":[{"embeddable":true,"href":"https:\/\/www.actualidadadiario.com\/index.php\/wp-json\/wp\/v2\/media\/57544"}],"wp:attachment":[{"href":"https:\/\/www.actualidadadiario.com\/index.php\/wp-json\/wp\/v2\/media?parent=57543"}],"wp:term":[{"taxonomy":"category","embeddable":true,"href":"https:\/\/www.actualidadadiario.com\/index.php\/wp-json\/wp\/v2\/categories?post=57543"},{"taxonomy":"post_tag","embeddable":true,"href":"https:\/\/www.actualidadadiario.com\/index.php\/wp-json\/wp\/v2\/tags?post=57543"}],"curies":[{"name":"wp","href":"https:\/\/api.w.org\/{rel}","templated":true}]}}