{"id":57540,"date":"2020-02-10T12:40:13","date_gmt":"2020-02-10T15:40:13","guid":{"rendered":"https:\/\/www.actualidadadiario.com\/?p=57540"},"modified":"2020-02-10T12:40:13","modified_gmt":"2020-02-10T15:40:13","slug":"anses-flexibilizo-requisitos-para-pagar-la-ayuda-escolar","status":"publish","type":"post","link":"https:\/\/www.actualidadadiario.com\/index.php\/2020\/02\/10\/anses-flexibilizo-requisitos-para-pagar-la-ayuda-escolar\/","title":{"rendered":"Anses flexibiliz\u00f3 requisitos para pagar la ayuda escolar"},"content":{"rendered":"<p style=\"text-align: center;\"><em><strong>El beneficio se acreditar\u00e1 aun cuando no se haya acreditado a la fecha la escolaridad de los alumnos. El organismo dispuso que quienes no hayan presentado esos certificados podr\u00e1n presentarse hasta el pr\u00f3ximo 31 de diciembre<\/strong><\/em><\/p>\n<p>&nbsp;<\/p>\n<p>&nbsp;<\/p>\n<p>El pago de la Asignaci\u00f3n por Ayuda Escolar se pagar\u00e1 este a\u00f1o en forma masiva, aun cuando no se haya acreditado a la fecha la escolaridad de los alumnos beneficiarios, dispuso la Administraci\u00f3n Nacional de la Seguridad Social (Anses).<\/p>\n<p>&#8220;La falta de presentaci\u00f3n de los certificados escolares al 31 de diciembre de 2019 no se encuentra necesariamente ligada a trayectorias escolares discontinuas&#8221;, justific\u00f3 la Anses en la resoluci\u00f3n 28\/2020, que se publica hoy en el Bolet\u00edn Oficial.<\/p>\n<p>El organismo dispuso que quienes no hayan presentado esos certificados podr\u00e1n presentarse hasta el pr\u00f3ximo 31 de diciembre.<\/p>\n<p>La medida consider\u00f3 necesario &#8220;continuar profundizando el trabajo articulado con los distintos organismos y ministerios para realizar acciones conjuntas que tiendan a resolver las barreras para que los ni\u00f1os, ni\u00f1as y adolescentes puedan acceder y sostener el derecho a la Seguridad Social&#8221;.<\/p>\n<p>El R\u00e9gimen de Asignaciones Familiares (ley 24.714), indica la resoluci\u00f3n, prev\u00e9 la asignaci\u00f3n por ayuda escolar anual &#8220;se har\u00e1 efectiva en el mes de marzo de cada a\u00f1o, se abonar\u00e1 por cada hijo que concurra regularmente a establecimientos de ense\u00f1anza b\u00e1sica y polimodal o bien, cualquiera sea su edad, si concurre a establecimientos oficiales o privados donde se imparta educaci\u00f3n diferencial&#8221;.<\/p>\n<p>El decreto 433\/2015 estableci\u00f3 que la asignaci\u00f3n por ayuda escolar anual se liquidar\u00e1 al inicio del ciclo lectivo para los ni\u00f1os, ni\u00f1as y adolescentes de cuatro a 17 a\u00f1os inclusive, tras la presentaci\u00f3n del certificado pertinente que acredite la condici\u00f3n de alumno\/a regular del establecimiento educativo, hasta el 31 de diciembre de cada a\u00f1o.<\/p>\n<p>En agosto pasado, la resoluci\u00f3n 203 de la Anses supedit\u00f3 el pago de la asignaci\u00f3n a que se acredite en forma efectiva la escolaridad.<\/p>\n<p>La resoluci\u00f3n que firma ahora el titular del organismo, Alejandro Vanoli, se\u00f1al\u00f3 sin embargo la vigencia de la reciente ley 27.541, que declar\u00f3 la emergencia p\u00fablica en materia econ\u00f3mica, financiera, fiscal, administrativa, previsional, tarifaria, energ\u00e9tica, sanitaria y social, &#8220;debido a la gravedad de la situaci\u00f3n econ\u00f3mica que afronta el pa\u00eds&#8221;.<\/p>\n<p>&#8220;En funci\u00f3n del contexto econ\u00f3mico y social de emergencia y ante el inminente inicio del ciclo lectivo&#8221;, indic\u00f3 la norma, corresponde derogar la anterior obligaci\u00f3n y restituir el pago masivo de la asignaci\u00f3n por ayuda escolar aun cuando no se haya presentado todav\u00eda el certificado correspondiente hasta fines del a\u00f1o pasado.<\/p>\n","protected":false},"excerpt":{"rendered":"<p>El beneficio se acreditar\u00e1 aun cuando no se haya acreditado a la fecha la escolaridad de los alumnos. El organismo dispuso que quienes no hayan presentado esos certificados podr\u00e1n presentarse hasta el pr\u00f3ximo 31 de diciembre &nbsp; &nbsp; El pago de la Asignaci\u00f3n por Ayuda Escolar se pagar\u00e1 este a\u00f1o en forma masiva, aun cuando no se haya acreditado a la fecha la escolaridad de los alumnos beneficiarios, dispuso la Administraci\u00f3n Nacional de la Seguridad Social (Anses). &#8220;La falta de presentaci\u00f3n de los certificados escolares al 31 de diciembre de&#8230;<\/p>\n","protected":false},"author":3,"featured_media":57541,"comment_status":"closed","ping_status":"closed","sticky":false,"template":"","format":"standard","meta":[],"categories":[2],"tags":[],"_links":{"self":[{"href":"https:\/\/www.actualidadadiario.com\/index.php\/wp-json\/wp\/v2\/posts\/57540"}],"collection":[{"href":"https:\/\/www.actualidadadiario.com\/index.php\/wp-json\/wp\/v2\/posts"}],"about":[{"href":"https:\/\/www.actualidadadiario.com\/index.php\/wp-json\/wp\/v2\/types\/post"}],"author":[{"embeddable":true,"href":"https:\/\/www.actualidadadiario.com\/index.php\/wp-json\/wp\/v2\/users\/3"}],"replies":[{"embeddable":true,"href":"https:\/\/www.actualidadadiario.com\/index.php\/wp-json\/wp\/v2\/comments?post=57540"}],"version-history":[{"count":1,"href":"https:\/\/www.actualidadadiario.com\/index.php\/wp-json\/wp\/v2\/posts\/57540\/revisions"}],"predecessor-version":[{"id":57542,"href":"https:\/\/www.actualidadadiario.com\/index.php\/wp-json\/wp\/v2\/posts\/57540\/revisions\/57542"}],"wp:featuredmedia":[{"embeddable":true,"href":"https:\/\/www.actualidadadiario.com\/index.php\/wp-json\/wp\/v2\/media\/57541"}],"wp:attachment":[{"href":"https:\/\/www.actualidadadiario.com\/index.php\/wp-json\/wp\/v2\/media?parent=57540"}],"wp:term":[{"taxonomy":"category","embeddable":true,"href":"https:\/\/www.actualidadadiario.com\/index.php\/wp-json\/wp\/v2\/categories?post=57540"},{"taxonomy":"post_tag","embeddable":true,"href":"https:\/\/www.actualidadadiario.com\/index.php\/wp-json\/wp\/v2\/tags?post=57540"}],"curies":[{"name":"wp","href":"https:\/\/api.w.org\/{rel}","templated":true}]}}