{"id":57536,"date":"2020-02-10T12:38:30","date_gmt":"2020-02-10T15:38:30","guid":{"rendered":"https:\/\/www.actualidadadiario.com\/?p=57536"},"modified":"2020-02-10T12:38:30","modified_gmt":"2020-02-10T15:38:30","slug":"el-indec-encara-una-semana-de-publicaciones-clave","status":"publish","type":"post","link":"https:\/\/www.actualidadadiario.com\/index.php\/2020\/02\/10\/el-indec-encara-una-semana-de-publicaciones-clave\/","title":{"rendered":"El INDEC encara una semana de publicaciones clave"},"content":{"rendered":"<p style=\"text-align: center;\"><em><strong>El Instituto Nacional de Estad\u00edstica y Censos (INDEC) comienza este lunes una semana de importantes publicaciones. Entre los informes m\u00e1s relevantes, se encuentra el de la inflaci\u00f3n de enero, ya que brindar\u00e1 un panorama de c\u00f3mo fueron los primeros d\u00edas de la gesti\u00f3n de Alberto Fern\u00e1ndez. El organismo tambi\u00e9n difundir\u00e1 datos sobre el \u00faltimo tramo del mandato de Mauricio Macri<\/strong><\/em><\/p>\n<p>&nbsp;<\/p>\n<p>La entidad dirigida por Marco Lavagna dar\u00e1 a conocer entre ma\u00f1ana y el viernes media docena de documentos. De los seis que pondr\u00e1 a disposici\u00f3n de la ciudadan\u00eda, cinco presentar\u00e1n informaci\u00f3n de 2019 y uno, de 2020. La divulgaci\u00f3n de todos ellos se realizar\u00e1 en el mismo horario, a las 16.00, en el sitio web de la instituci\u00f3n.<\/p>\n<p>Este martes, se difundir\u00e1n los dos primeros informes de la semana. Por un lado, el INDEC revelar\u00e1 c\u00f3mo fue el desempe\u00f1o del turismo internacional de diciembre de 2019. Por el otro, publicar\u00e1 los resultados de las estad\u00edsticas del comercio exterior argentino (Argentine Foreign Trade Statistics) del cuarto trimestre del a\u00f1o pasado.<\/p>\n<p>Un d\u00eda m\u00e1s tarde, el organismo realizar\u00e1 dos nuevas divulgaciones en su sitio web. En esta ocasi\u00f3n, dar\u00e1 a conocer el indicador sint\u00e9tico de servicios p\u00fablicos (ISSP) de noviembre de 2019. Tambi\u00e9n brindar\u00e1 detalles sobre c\u00f3mo fue la utilizaci\u00f3n de la capacidad instalada en la industria (UCII) durante el \u00faltimo diciembre<\/p>\n<p>El jueves es un d\u00eda clave para conocer los primeros pasos del Gobierno de Fern\u00e1ndez en materia econ\u00f3mica, ya que el INDEC publicar\u00e1 el \u00edndice de precios al consumidor (IPC) de enero. A partir de este informe, podr\u00e1 determinarse, entre otros aspectos, qu\u00e9 cambios se produjeron tras la puesta en marcha de la Ley de Solidaridad Social y Reactivaci\u00f3n Productiva.<\/p>\n<p>La entidad cerrar\u00e1 la semana con la difusi\u00f3n de las bases de microdatos de la Encuesta Permanente de Hogares (EPH). Este informe presentar\u00e1 datos sobre el tercer trimestre del a\u00f1o pasado. Cabe destacar que la EPH tiene por objetivo \u201crelevar las caracter\u00edsticas sociodemogr\u00e1ficas y socioecon\u00f3micas de la poblaci\u00f3n\u201d, seg\u00fan explica la instituci\u00f3n en su sitio web.<\/p>\n","protected":false},"excerpt":{"rendered":"<p>El Instituto Nacional de Estad\u00edstica y Censos (INDEC) comienza este lunes una semana de importantes publicaciones. Entre los informes m\u00e1s relevantes, se encuentra el de la inflaci\u00f3n de enero, ya que brindar\u00e1 un panorama de c\u00f3mo fueron los primeros d\u00edas de la gesti\u00f3n de Alberto Fern\u00e1ndez. El organismo tambi\u00e9n difundir\u00e1 datos sobre el \u00faltimo tramo del mandato de Mauricio Macri &nbsp; La entidad dirigida por Marco Lavagna dar\u00e1 a conocer entre ma\u00f1ana y el viernes media docena de documentos. De los seis que pondr\u00e1 a disposici\u00f3n de la ciudadan\u00eda, cinco&#8230;<\/p>\n","protected":false},"author":3,"featured_media":10912,"comment_status":"closed","ping_status":"closed","sticky":false,"template":"","format":"standard","meta":[],"categories":[2],"tags":[],"_links":{"self":[{"href":"https:\/\/www.actualidadadiario.com\/index.php\/wp-json\/wp\/v2\/posts\/57536"}],"collection":[{"href":"https:\/\/www.actualidadadiario.com\/index.php\/wp-json\/wp\/v2\/posts"}],"about":[{"href":"https:\/\/www.actualidadadiario.com\/index.php\/wp-json\/wp\/v2\/types\/post"}],"author":[{"embeddable":true,"href":"https:\/\/www.actualidadadiario.com\/index.php\/wp-json\/wp\/v2\/users\/3"}],"replies":[{"embeddable":true,"href":"https:\/\/www.actualidadadiario.com\/index.php\/wp-json\/wp\/v2\/comments?post=57536"}],"version-history":[{"count":1,"href":"https:\/\/www.actualidadadiario.com\/index.php\/wp-json\/wp\/v2\/posts\/57536\/revisions"}],"predecessor-version":[{"id":57537,"href":"https:\/\/www.actualidadadiario.com\/index.php\/wp-json\/wp\/v2\/posts\/57536\/revisions\/57537"}],"wp:featuredmedia":[{"embeddable":true,"href":"https:\/\/www.actualidadadiario.com\/index.php\/wp-json\/wp\/v2\/media\/10912"}],"wp:attachment":[{"href":"https:\/\/www.actualidadadiario.com\/index.php\/wp-json\/wp\/v2\/media?parent=57536"}],"wp:term":[{"taxonomy":"category","embeddable":true,"href":"https:\/\/www.actualidadadiario.com\/index.php\/wp-json\/wp\/v2\/categories?post=57536"},{"taxonomy":"post_tag","embeddable":true,"href":"https:\/\/www.actualidadadiario.com\/index.php\/wp-json\/wp\/v2\/tags?post=57536"}],"curies":[{"name":"wp","href":"https:\/\/api.w.org\/{rel}","templated":true}]}}