{"id":57534,"date":"2020-02-10T12:37:46","date_gmt":"2020-02-10T15:37:46","guid":{"rendered":"https:\/\/www.actualidadadiario.com\/?p=57534"},"modified":"2020-02-10T12:37:46","modified_gmt":"2020-02-10T15:37:46","slug":"solo-siete-de-50-sectores-se-salvaron-de-caer-en-2019","status":"publish","type":"post","link":"https:\/\/www.actualidadadiario.com\/index.php\/2020\/02\/10\/solo-siete-de-50-sectores-se-salvaron-de-caer-en-2019\/","title":{"rendered":"S\u00f3lo siete de 50 sectores se salvaron de caer en 2019"},"content":{"rendered":"<p style=\"text-align: center;\"><em><strong>En Santa Fe, durante todo 2019, &#8220;un grupo mayoritario de 43 ramas industriales, sobre un total de 50 analizadas, present\u00f3 bajas de producci\u00f3n en relaci\u00f3n al a\u00f1o anterior&#8221;. Un dato contundente que valida las denuncias p\u00fablicas y en privado que los dirigentes fabriles se\u00f1alaban como un plan de &#8220;desindustrializaci\u00f3n&#8221; durante el macrismo<\/strong><\/em><\/p>\n<p>&nbsp;<\/p>\n<p>&#8220;El deterioro del nivel de actividad de 2019 se fundament\u00f3 en el magro desempe\u00f1o de la industria automotriz (-32,7%), productos de metal (-9,6%), maquinaria y equipo (-21,7%), autopartes (-15,6%), l\u00e1cteos (-7,9%), siderurgia (-15,5%), sustancias qu\u00edmicas (-4,6%), entre otras.<\/p>\n<p>Contrariamente, resultaron actividades expansivas la molienda de oleaginosas (+5,9%) y carne vacuna (+3,7%). Un total de 33 ramas industriales exhibi\u00f3 retrocesos de producci\u00f3n en 2018 y 2019; mientras que los peores resultados se hallan en Productos qu\u00edmicos b\u00e1sicos, Calzado, Textiles, Productos farmac\u00e9uticos, Maquinaria de uso especial, Veh\u00edculos automotores, y Otro equipo de transporte, al presentar en 2019 el tercer a\u00f1o consecutivos de menor actividad&#8221;, destac\u00f3 Fisfe.<\/p>\n","protected":false},"excerpt":{"rendered":"<p>En Santa Fe, durante todo 2019, &#8220;un grupo mayoritario de 43 ramas industriales, sobre un total de 50 analizadas, present\u00f3 bajas de producci\u00f3n en relaci\u00f3n al a\u00f1o anterior&#8221;. Un dato contundente que valida las denuncias p\u00fablicas y en privado que los dirigentes fabriles se\u00f1alaban como un plan de &#8220;desindustrializaci\u00f3n&#8221; durante el macrismo &nbsp; &#8220;El deterioro del nivel de actividad de 2019 se fundament\u00f3 en el magro desempe\u00f1o de la industria automotriz (-32,7%), productos de metal (-9,6%), maquinaria y equipo (-21,7%), autopartes (-15,6%), l\u00e1cteos (-7,9%), siderurgia (-15,5%), sustancias qu\u00edmicas (-4,6%), entre&#8230;<\/p>\n","protected":false},"author":3,"featured_media":57377,"comment_status":"closed","ping_status":"closed","sticky":false,"template":"","format":"standard","meta":[],"categories":[2],"tags":[],"_links":{"self":[{"href":"https:\/\/www.actualidadadiario.com\/index.php\/wp-json\/wp\/v2\/posts\/57534"}],"collection":[{"href":"https:\/\/www.actualidadadiario.com\/index.php\/wp-json\/wp\/v2\/posts"}],"about":[{"href":"https:\/\/www.actualidadadiario.com\/index.php\/wp-json\/wp\/v2\/types\/post"}],"author":[{"embeddable":true,"href":"https:\/\/www.actualidadadiario.com\/index.php\/wp-json\/wp\/v2\/users\/3"}],"replies":[{"embeddable":true,"href":"https:\/\/www.actualidadadiario.com\/index.php\/wp-json\/wp\/v2\/comments?post=57534"}],"version-history":[{"count":1,"href":"https:\/\/www.actualidadadiario.com\/index.php\/wp-json\/wp\/v2\/posts\/57534\/revisions"}],"predecessor-version":[{"id":57535,"href":"https:\/\/www.actualidadadiario.com\/index.php\/wp-json\/wp\/v2\/posts\/57534\/revisions\/57535"}],"wp:featuredmedia":[{"embeddable":true,"href":"https:\/\/www.actualidadadiario.com\/index.php\/wp-json\/wp\/v2\/media\/57377"}],"wp:attachment":[{"href":"https:\/\/www.actualidadadiario.com\/index.php\/wp-json\/wp\/v2\/media?parent=57534"}],"wp:term":[{"taxonomy":"category","embeddable":true,"href":"https:\/\/www.actualidadadiario.com\/index.php\/wp-json\/wp\/v2\/categories?post=57534"},{"taxonomy":"post_tag","embeddable":true,"href":"https:\/\/www.actualidadadiario.com\/index.php\/wp-json\/wp\/v2\/tags?post=57534"}],"curies":[{"name":"wp","href":"https:\/\/api.w.org\/{rel}","templated":true}]}}