{"id":57526,"date":"2020-02-10T12:34:43","date_gmt":"2020-02-10T15:34:43","guid":{"rendered":"https:\/\/www.actualidadadiario.com\/?p=57526"},"modified":"2020-02-10T12:34:43","modified_gmt":"2020-02-10T15:34:43","slug":"creditos-para-pymes-del-banco-nacion","status":"publish","type":"post","link":"https:\/\/www.actualidadadiario.com\/index.php\/2020\/02\/10\/creditos-para-pymes-del-banco-nacion\/","title":{"rendered":"Cr\u00e9ditos para pymes del Banco Naci\u00f3n"},"content":{"rendered":"<p style=\"text-align: center;\"><em><strong>Se presentar\u00e1 una nueva l\u00ednea para recuperar el cr\u00e9dito a &#8220;tasas razonables&#8221; y aliviar\u00a0 la situaci\u00f3n financiera de las micro, peque\u00f1as y medianas empresas<\/strong><\/em><\/p>\n<p>&nbsp;<\/p>\n<p>&nbsp;<\/p>\n<p>El Banco Naci\u00f3n, que conduce Eduardo Hecker, anunci\u00f3 que llevar\u00e1 a cabo una nueva l\u00ednea de cr\u00e9ditos para las Pymes mediante los cuales el Gobierno Nacional buscar\u00e1 contribuir a recuperar el cr\u00e9dito a &#8220;tasas razonables&#8221; y llevar m\u00e1s alivio a la situaci\u00f3n financiera de las micro, peque\u00f1as y medianas empresas para que puedan volver a crecer luego de cuatro a\u00f1os de recesi\u00f3n.<\/p>\n<p>Esta medida va de la mano con la anunciada recientemente por la AFIP, liderada por Mercedes Marc\u00f3 del Pont, denominada Moratoria 2020 mediante la cual, entre el 17 de febrero y 30 de abril, las micro, peque\u00f1as y medianas empresas as\u00ed como monotributistas, aut\u00f3nomos, cooperativas, clubes de barrio y entidades sin fines de lucro, entre otros contribuyentes, podr\u00e1n acceder a una quita promedio del 42% sobre el total de las deudas, con hasta 120 cuotas y una tasa del 3% mensual fija por un a\u00f1o.<\/p>\n<p>Ambas pol\u00edticas apuntan a resolver la situaci\u00f3n cr\u00edtica en la que se encuentran las PyMEs, tras las pol\u00edticas de ajuste del gobierno anterior, que llev\u00f3 al cierre de casi 25.000 empresas. &#8220;Esta l\u00ednea es parte de un conjunto de medidas en las que trabaja el Gobierno Nacional para acompa\u00f1ar a diversos sectores productivos y regiones del pa\u00eds&#8221;, afirmaron en un comunicado.<\/p>\n","protected":false},"excerpt":{"rendered":"<p>Se presentar\u00e1 una nueva l\u00ednea para recuperar el cr\u00e9dito a &#8220;tasas razonables&#8221; y aliviar\u00a0 la situaci\u00f3n financiera de las micro, peque\u00f1as y medianas empresas &nbsp; &nbsp; El Banco Naci\u00f3n, que conduce Eduardo Hecker, anunci\u00f3 que llevar\u00e1 a cabo una nueva l\u00ednea de cr\u00e9ditos para las Pymes mediante los cuales el Gobierno Nacional buscar\u00e1 contribuir a recuperar el cr\u00e9dito a &#8220;tasas razonables&#8221; y llevar m\u00e1s alivio a la situaci\u00f3n financiera de las micro, peque\u00f1as y medianas empresas para que puedan volver a crecer luego de cuatro a\u00f1os de recesi\u00f3n. Esta medida&#8230;<\/p>\n","protected":false},"author":3,"featured_media":30192,"comment_status":"closed","ping_status":"closed","sticky":false,"template":"","format":"standard","meta":[],"categories":[9],"tags":[],"_links":{"self":[{"href":"https:\/\/www.actualidadadiario.com\/index.php\/wp-json\/wp\/v2\/posts\/57526"}],"collection":[{"href":"https:\/\/www.actualidadadiario.com\/index.php\/wp-json\/wp\/v2\/posts"}],"about":[{"href":"https:\/\/www.actualidadadiario.com\/index.php\/wp-json\/wp\/v2\/types\/post"}],"author":[{"embeddable":true,"href":"https:\/\/www.actualidadadiario.com\/index.php\/wp-json\/wp\/v2\/users\/3"}],"replies":[{"embeddable":true,"href":"https:\/\/www.actualidadadiario.com\/index.php\/wp-json\/wp\/v2\/comments?post=57526"}],"version-history":[{"count":1,"href":"https:\/\/www.actualidadadiario.com\/index.php\/wp-json\/wp\/v2\/posts\/57526\/revisions"}],"predecessor-version":[{"id":57527,"href":"https:\/\/www.actualidadadiario.com\/index.php\/wp-json\/wp\/v2\/posts\/57526\/revisions\/57527"}],"wp:featuredmedia":[{"embeddable":true,"href":"https:\/\/www.actualidadadiario.com\/index.php\/wp-json\/wp\/v2\/media\/30192"}],"wp:attachment":[{"href":"https:\/\/www.actualidadadiario.com\/index.php\/wp-json\/wp\/v2\/media?parent=57526"}],"wp:term":[{"taxonomy":"category","embeddable":true,"href":"https:\/\/www.actualidadadiario.com\/index.php\/wp-json\/wp\/v2\/categories?post=57526"},{"taxonomy":"post_tag","embeddable":true,"href":"https:\/\/www.actualidadadiario.com\/index.php\/wp-json\/wp\/v2\/tags?post=57526"}],"curies":[{"name":"wp","href":"https:\/\/api.w.org\/{rel}","templated":true}]}}