{"id":57524,"date":"2020-02-10T12:33:38","date_gmt":"2020-02-10T15:33:38","guid":{"rendered":"https:\/\/www.actualidadadiario.com\/?p=57524"},"modified":"2020-02-10T12:33:38","modified_gmt":"2020-02-10T15:33:38","slug":"causa-narcotrafico-el-tribunal-federal-considero-que-varisco-acordo-con-celis-sabiendo-quien-era-y-que-hacia","status":"publish","type":"post","link":"https:\/\/www.actualidadadiario.com\/index.php\/2020\/02\/10\/causa-narcotrafico-el-tribunal-federal-considero-que-varisco-acordo-con-celis-sabiendo-quien-era-y-que-hacia\/","title":{"rendered":"Causa Narcotr\u00e1fico: El Tribunal Federal consider\u00f3 que Varisco acord\u00f3 con Celis sabiendo qui\u00e9n era y qu\u00e9 hac\u00eda"},"content":{"rendered":"<p style=\"text-align: center;\"><em><strong>El Tribunal Oral Criminal Federal (TOCF) adelant\u00f3 en la tarde del domingo los fundamentos de la sentencia condenatoria contra el ex intendente de Paran\u00e1, Sergio Varisco, y los dem\u00e1s acusados en el juicio que trat\u00f3 las causas \u201cnarcoavioneta\u201d y \u201cnarcomunicipio\u201d. En la fundamentaci\u00f3n de las condenas, los jueces sostuvieron que Varisco \u201csab\u00eda qui\u00e9n era\u201d y las actividades il\u00edcitas que desarrollaba Daniel \u201cTavi\u201d Celis, pese a lo cual acord\u00f3 con \u00e9l para la campa\u00f1a y luego de su detenci\u00f3n. El dinero del Municipio financi\u00f3 la log\u00edstica del tr\u00e1fico de coca\u00edna, sostuvo el Tribunal<\/strong><\/em><\/p>\n<p>&nbsp;<\/p>\n<p>&nbsp;<\/p>\n<p>El TOCF, integrado por los jueces Lilia Carnero; Noem\u00ed Berros y Roberto L\u00f3pez Arango, fall\u00f3 por unanimidad en las condenas y absoluciones que impuso en el juicio, donde se ventilaron los entretelones de las causas conocidas como \u201cnarcoavioneta\u201d (por la detecci\u00f3n de un Cessna con 317 kg de marihuana en 2017) y \u201cnarcomunicipio\u201d (por el v\u00ednculo entre la banda de los hermanos Daniel y Miguel \u00c1ngel \u201cTiti\u201d Celis con la campa\u00f1a y la administraci\u00f3n de Cambiemos en la capital provincial).<\/p>\n<p>En un extenso desarrollo, que insumi\u00f3 511 fojas, el Tribunal consider\u00f3 probada la existencia de un v\u00ednculo de beneficio mutuo entre Varisco (condenado a seis a\u00f1os y seis meses) y \u201cTavi\u201d Celis (13 a\u00f1os de pena) y las caracter\u00edsticas que tuvo en el tiempo, pasando de ser un entendimiento pol\u00edtico para la campa\u00f1a para la intendencia en 2015, a un pacto de financiaci\u00f3n de la log\u00edstica del tr\u00e1fico luego de que \u201cTavi\u201d fuera detenido por un hecho en Diamante durante agosto de 2016.<\/p>\n<p>El voto inicial en el resolutorio fue de Carnero, al que adhirieron sin discrepancias Berros y L\u00f3pez Arango. En su desarrollo, la jueza fue dejando sentadas una serie de definiciones en funci\u00f3n de la lectura y comprensi\u00f3n de la prueba presente en ambos expedientes y que comprend\u00eda documentos, escuchas telef\u00f3nicas, seguimientos de la Polic\u00eda Federal (PFA), resultados de allanamientos, prueba informativa de organismos nacionales, pericias qu\u00edmicas y psicol\u00f3gicas as\u00ed como tambi\u00e9n declaraciones indagatorias y testimoniales.<\/p>\n<p>En ese esquema, Carnero sostuvo algunas conclusiones determinantes:<\/p>\n<p>&#8211; Celis actu\u00f3 de prestamista en la campa\u00f1a de Varisco 2015 por la intendencia (no menciona a Cambiemos ni dem\u00e1s cargos en juego: solo al dirigente local). Ese \u201cpr\u00e9stamo\u201d, seg\u00fan un resumen que \u201cTavi\u201d aport\u00f3 en el juicio, sum\u00f3 por varios conceptos $ 1.042.000. A ese monto se a\u00f1adieron dos \u00edtems: inflaci\u00f3n ($ 400.000) e intereses ($ 600.000) para redondear dos millones de pesos.<\/p>\n<p>&#8211; El \u201cfinancista\u201d cae \u201cen desgracia\u201d, se\u00f1al\u00f3, al ser detenido por un robo en Diamante en agosto de 2016. Busc\u00f3 all\u00ed el auxilio de Varisco, del ex concejal Pablo Hern\u00e1ndez \u201cy tal vez de (Emanuel) Gainza\u201d, el ex edil del PRO sobrese\u00eddo en la causa durante la instrucci\u00f3n, razon\u00f3 la magistrada.<\/p>\n<p>&#8211; La decisi\u00f3n de Sergio Varisco de celebrar estos acuerdos electorales y de gesti\u00f3n llev\u00f3 a la magistrada a entender que, adem\u00e1s del financiamiento \u201cnormal\u201d de campa\u00f1a, existi\u00f3 por parte del ex intendente \u201cpermisividad y complacencia\u201d con el ingreso de droga a los barrios. Cit\u00f3 en este punto un tramo del testimonio de una militante radical, Liliana Vera, quien dijo que en la campa\u00f1a \u201chasta merca repart\u00ed\u201d.<\/p>\n<p>&#8211; \u201cDeviene entonces inexorable que ya en el Poder Municipal, ingresar al plan criminal de comercializaci\u00f3n de estupefacientes de manera organizada, a partir de reperfilar el acuerdo, era un camino anunciado. As\u00ed lo decidieron libremente los funcionarios municipales imputados, obstinados en seguir ensamblados a Daniel Celis\u201d, argument\u00f3.<\/p>\n<p>&#8211; Asimismo sostuvo que Varisco \u201cconoc\u00eda perfectamente\u201d a \u201cTavi\u201d desde 2010 (por la anotaci\u00f3n encontrada en su agenda, donde registr\u00f3 ese a\u00f1o el n\u00famero del capo narco). A pesar de \u201csaber qui\u00e9n era y qu\u00e9 hac\u00eda, Varisco celebr\u00f3 el acuerdo pol\u00edtico\u201d, resalt\u00f3. En otro tramo de su exposici\u00f3n, apunt\u00f3 que por este entendimiento \u201cadem\u00e1s de bolsones, se repart\u00eda droga a los votantes\u201d.<\/p>\n<p>&#8211; En otro tramo, Carnero apunt\u00f3 que Celis fue requerido por Varisco y Hern\u00e1ndez para lograr un acuerdo que les proporcion\u00f3 medios, territorio y estructura para la campa\u00f1a de 2015, pacto que se reperfil\u00f3 en septiembre de 2017 a fin de reorganizar el comercio de estupefaciente. A partir de ese momento, entendi\u00f3 la magistrada, Varisco se involucr\u00f3 en el plan doloso de Celis, contando para ello con la colaboraci\u00f3n de Hern\u00e1ndez y Bordeira.<\/p>\n<p>&#8211; Varisco, agreg\u00f3 Carnero, predispuso la estructura municipal para que Celis siguiera manejando el comercio de estupefacientes.<\/p>\n<p>&#8211; M\u00e1s adelante se\u00f1al\u00f3 que el \u201csugestivo inter\u00e9s\u201d de Celis de \u201cextra\u00f1ar\u201d (sacar del caso) a Varisco; Hern\u00e1ndez y Bordeira respond\u00eda a que \u201cnecesitaba protecci\u00f3n pol\u00edtica y econ\u00f3mica\u201d, que pod\u00eda conseguir por esa v\u00eda, ya que el ex intendente hab\u00eda sido nombrado asesor del Concejo Deliberante en diciembre pasado y continuaba \u201cintacto su poder pol\u00edtico y la cobertura del partido\u201d, record\u00f3.<\/p>\n<p>&#8211; Celis-Varisco-Hern\u00e1ndez-Bordeira-Lemos era un acuerdo din\u00e1mico que giraba en torno al narcotr\u00e1fico, no solo un pacto pol\u00edtico, detall\u00f3.<\/p>\n<p>&#8211; Asimimiso, precis\u00f3 que no obstante la f\u00e9rrea negativa de Varisco a reconocer el acuerdo, la valoraci\u00f3n basada en la l\u00f3gica y las m\u00e1ximas de la experiencia permiten afirmar su participaci\u00f3n en la comercializaci\u00f3n de estupefacientes. \u201cActu\u00f3 tratando de parecer invisible\u201d, describi\u00f3.<\/p>\n<p>&nbsp;<\/p>\n<p><strong>En desgracia<\/strong><\/p>\n<p>Carnero llev\u00f3 el desarrollo de menor a mayor, insertando hechos, circunstancias y pruebas en su razonamiento, al que fue complejizando en su estructuraci\u00f3n a trav\u00e9s del despliegue en las las fojas de la sentencia.<\/p>\n<p>Volvi\u00f3 por eso a la \u201cca\u00edda\u201d de Celis en agosto de 2016 y al \u201cquebranto econ\u00f3mico\u201d que esto signific\u00f3. Cit\u00f3 una comunicaci\u00f3n de la PFA al Juez Federal Leandro R\u00edos de mayo de 2017, donde se mencion\u00f3 la reestructuraci\u00f3n de la banda tras la detecci\u00f3n de la avioneta con marihuana en Colonia Avellaneda y la detenci\u00f3n de 23 integrantes\u00a0 de la banda, se\u00f1alando que el continuador de las actividades de \u201cTavi\u201d y \u201cTiti\u201d, quien tambi\u00e9n fue detenido en el procedimiento del Cessna, era el hermano de ambos: Eduardo alias \u201cCholo\u201d.<\/p>\n<p>Una lectura de mensajes intercambiados y de escuchas previos al 5 de septiembre de 2017 le permitieron poner en perspectiva el mensaje que \u201cTavi\u201d hace a Orundez Ayala ese d\u00eda, en el que dice: \u201cPor fin una buena, arregl\u00e9 con el intendente\u201d. \u201c\u00bfQu\u00e9 arregl\u00f3?\u201d, se pregunt\u00f3 la magistrada: el contrato de su pareja y \u201clo m\u00edo, lo m\u00edo\u201d, es decir los 50 mil pesos por mes hasta que termine la gesti\u00f3n, dinero que servir\u00eda para dar \u201ccontinuidad al negocio ilegal\u201d, subray\u00f3.<\/p>\n<p>Esta inyecci\u00f3n de fondos del Municipio a la organizaci\u00f3n no fue para adquirir coca\u00edna sino para log\u00edstica, para transporte, pago a \u201cmulas\u201d y alojamientos, entendi\u00f3 Carnero.\u00a0 La jueza se\u00f1al\u00f3 que el financiamiento constante tras el entendimiento de septiembre tuvo dos entregas reconocidas. La primera fue de Hern\u00e1ndez a la ex pareja de \u201cTavi\u201d, Luciana Lemos, el 29 de diciembre de 2017; seg\u00fan \u00e9l fueron 20 mil pesos, ella anot\u00f3 30 mil en el cuaderno. La segunda el 27 de abril de 2018 por la tarde: Bordeira le da a Lemos $ 10 mil y Hern\u00e1ndez reconoce $ 20 mil, aunque Lemos registra $ 30 mil. Los 10 mil de diferencia pueden haber provenido \u201cde Varisco o de Gainza\u201d, consider\u00f3 el Tribunal.<\/p>\n<p>Casi sobre el cierra, resumi\u00f3 que el ex intendente de Paran\u00e1, con asistencia de Hern\u00e1ndez y Bordeira, proporcion\u00f3 peri\u00f3dicamente recursos econ\u00f3micos de las arcas municipales, aprovechando el desorden contable, para que la organizaci\u00f3n de Celis adquiera y comercializara coca\u00edna. Por eso consider\u00f3 que Varisco fue part\u00edcipe necesario: fue quien hizo el primer pacto con Celis (el de la campa\u00f1a) y el segundo (el de septiembre de 2017) no pudo hacerse sin su intervenci\u00f3n, ya que era \u00e9l (Varisco) quien deb\u00eda devolver a \u201cTavi\u201d los aportes a la campa\u00f1a.<\/p>\n<p>Bordeira y Hern\u00e1ndez fueron part\u00edcipes secundarios en este\u00a0 esquema\u00a0 (recibieron 5 a\u00f1os de condena cada uno), ya que intervinieron en un plan \u201cajeno\u201d para comercializar narc\u00f3ticos que hubiera podido concretarse sin ellos y a trav\u00e9s de otras personas, pero conociendo las circunstancias, evalu\u00f3 Carnero. Ellos actuaron como un escudo para proteger la investidura de Varisco, consider\u00f3.<\/p>\n<p>La jueza apunt\u00f3 que a Varisco \u201cpor haber sido intendente\u201d le era exigible un \u201cacatamiento irrestricto al orden jur\u00eddico\u201d en mayor medida que al hombre medio. Con duras cr\u00edticas a la defensa pol\u00edtica que hicieron los abogados defensores del ex intendente (Rub\u00e9n Pagliotto y Miguel Cullen), la magistrada indic\u00f3 que no fue la actividad pol\u00edtica del ex mandatario local la que estuvo bajo investigaci\u00f3n. Sin embargo, dio cabida al planteo sobre la intervenci\u00f3n de la ex Ministra de Seguridad de la Naci\u00f3n, Patricia Bullrich (quien habr\u00eda dicho seg\u00fan los letrados que Varisco fue salpicado en la causa por no inculpar a Hern\u00e1ndez y Bordeira) y pidi\u00f3 a Fiscal\u00eda que abra una investigaci\u00f3n al respecto.<\/p>\n<p>Carnero tambi\u00e9n dedic\u00f3 un p\u00e1rrafo a la intervenci\u00f3n de Lemos en la causa. Su confesi\u00f3n, que fue presentada inicialmente por la Fiscal\u00eda como la de un testigo arrepentido pero termin\u00f3 incorporada como una declaraci\u00f3n indagatoria, permiti\u00f3, seg\u00fan dijo la jueza \u201cdesentra\u00f1ar los laberintos de los hechos de comercializaci\u00f3n\u201d y resultaron \u201cde gran utilidad\u201d. Adem\u00e1s, para imponerle la pena de 4 a\u00f1os que recibi\u00f3, se comput\u00f3 \u201cla constancia y valent\u00eda con que asumi\u00f3 el proceso.<\/p>\n","protected":false},"excerpt":{"rendered":"<p>El Tribunal Oral Criminal Federal (TOCF) adelant\u00f3 en la tarde del domingo los fundamentos de la sentencia condenatoria contra el ex intendente de Paran\u00e1, Sergio Varisco, y los dem\u00e1s acusados en el juicio que trat\u00f3 las causas \u201cnarcoavioneta\u201d y \u201cnarcomunicipio\u201d. En la fundamentaci\u00f3n de las condenas, los jueces sostuvieron que Varisco \u201csab\u00eda qui\u00e9n era\u201d y las actividades il\u00edcitas que desarrollaba Daniel \u201cTavi\u201d Celis, pese a lo cual acord\u00f3 con \u00e9l para la campa\u00f1a y luego de su detenci\u00f3n. El dinero del Municipio financi\u00f3 la log\u00edstica del tr\u00e1fico de coca\u00edna, sostuvo&#8230;<\/p>\n","protected":false},"author":3,"featured_media":55969,"comment_status":"closed","ping_status":"closed","sticky":false,"template":"","format":"standard","meta":[],"categories":[15],"tags":[],"_links":{"self":[{"href":"https:\/\/www.actualidadadiario.com\/index.php\/wp-json\/wp\/v2\/posts\/57524"}],"collection":[{"href":"https:\/\/www.actualidadadiario.com\/index.php\/wp-json\/wp\/v2\/posts"}],"about":[{"href":"https:\/\/www.actualidadadiario.com\/index.php\/wp-json\/wp\/v2\/types\/post"}],"author":[{"embeddable":true,"href":"https:\/\/www.actualidadadiario.com\/index.php\/wp-json\/wp\/v2\/users\/3"}],"replies":[{"embeddable":true,"href":"https:\/\/www.actualidadadiario.com\/index.php\/wp-json\/wp\/v2\/comments?post=57524"}],"version-history":[{"count":1,"href":"https:\/\/www.actualidadadiario.com\/index.php\/wp-json\/wp\/v2\/posts\/57524\/revisions"}],"predecessor-version":[{"id":57525,"href":"https:\/\/www.actualidadadiario.com\/index.php\/wp-json\/wp\/v2\/posts\/57524\/revisions\/57525"}],"wp:featuredmedia":[{"embeddable":true,"href":"https:\/\/www.actualidadadiario.com\/index.php\/wp-json\/wp\/v2\/media\/55969"}],"wp:attachment":[{"href":"https:\/\/www.actualidadadiario.com\/index.php\/wp-json\/wp\/v2\/media?parent=57524"}],"wp:term":[{"taxonomy":"category","embeddable":true,"href":"https:\/\/www.actualidadadiario.com\/index.php\/wp-json\/wp\/v2\/categories?post=57524"},{"taxonomy":"post_tag","embeddable":true,"href":"https:\/\/www.actualidadadiario.com\/index.php\/wp-json\/wp\/v2\/tags?post=57524"}],"curies":[{"name":"wp","href":"https:\/\/api.w.org\/{rel}","templated":true}]}}