{"id":57519,"date":"2020-02-10T12:31:18","date_gmt":"2020-02-10T15:31:18","guid":{"rendered":"https:\/\/www.actualidadadiario.com\/?p=57519"},"modified":"2020-02-10T12:31:18","modified_gmt":"2020-02-10T15:31:18","slug":"escuelas-fumigadas-el-stj-nego-la-apelacion-a-la-corte-suprema","status":"publish","type":"post","link":"https:\/\/www.actualidadadiario.com\/index.php\/2020\/02\/10\/escuelas-fumigadas-el-stj-nego-la-apelacion-a-la-corte-suprema\/","title":{"rendered":"Escuelas fumigadas: El STJ neg\u00f3 la apelaci\u00f3n a la Corte Suprema"},"content":{"rendered":"<p style=\"text-align: center;\"><em><strong>La Coordinadora por una Vida Sin Agrot\u00f3xicos Basta es Basta repudi\u00f3 en un comunicado la decisi\u00f3n del Superior Tribunal de Justicia provincial de cercenarles un recurso extraordinario federal para reclamar ante el m\u00e1ximo tribunal de la Naci\u00f3n por el decreto del gobernador que acorta las distancias de fumigaci\u00f3n alrededor de las escuelas rurales<\/strong><\/em><\/p>\n<p>&nbsp;<\/p>\n<p>&nbsp;<\/p>\n<p>Los ambientalistas denunciaron a los jueces por favorecer a las entidades gremiales de la Mesa de Enlace rural. Tambi\u00e9n criticaron que el Gobierno provincial por no cumplir con las medidas de seguridad para las fumigaciones anunciadas por la Fiscal\u00eda de Estado. \u201cA la Corte vamos igual, en queja\u201d, adelant\u00f3 a ERA Verde Daniela Verze\u00f1assi, del Foro Ecologista.<\/p>\n<p>Es \u201cun esc\u00e1ndalo jur\u00eddico en Entre R\u00edos, otra vez contra la gurisada, contra la Constituci\u00f3n y contra las leyes\u201d, expresaron desde la Coordinadora Basta es Basta para anunciar que con la firma de Germ\u00e1n Carlomagno, Bernardo Salduna, Susana Medina, Emilio Castrill\u00f3n y Juan Ram\u00f3n Smaldone, el Superior Tribunal de Justicia de Entre R\u00edos les neg\u00f3 el recurso de apelaci\u00f3n a la Corte Suprema de Justicia de Naci\u00f3n ante el rechazo de un amparo para que se nulo e inconstitucional la normativa que habilita a realizar pulverizaciones alrededor de las escuelas rurales a una distancia menor a las fijadas anteriormente por la Justicia.<\/p>\n<p>El cuestionado decreto es el N\u00ba 2.239\/19, que establece una prohibici\u00f3n de las aspersiones con agrot\u00f3xicos 100 metros de los establecimientos educativos si se realiza de forma terrestre y de 500 metros si son a\u00e9reas. Antes, el camarista Oscar Benedetto hab\u00eda fijado en octubre de 2018 distancias mayores: 1.000 y 3.000 metros respectivamente.<\/p>\n<p>Esta impugnaci\u00f3n al decreto del gobernador Gustavo Bordet que llevaron adelante el Foro Ecologista Paran\u00e1 y la Asociaci\u00f3n Gremial del Magisterio de Entre R\u00edos fue rechazada parcialmente por el STJ el 28 de octubre pasado. El Superior Tribunal entendi\u00f3 que en el decreto N\u00b0 2.239 superaba uno anterior sobre la misma cuesti\u00f3n, el N\u00b0 4.407\/18, pero que tuvo una vida ef\u00edmera porque aquella vez fue declarado efectivamente nulo.<\/p>\n<p>Igualmente, ante un eventual fallo adverso como finalmente sucedi\u00f3, al recurso de amparo ambiental le quedaba una instancia en la Corte Suprema de Justicia, pero que llamativamente el STJ neg\u00f3 a los litigantes. De todos modos, las demandantes ir\u00e1n al m\u00e1ximo tribunal de la Naci\u00f3n, anticip\u00f3 a ERA Verde Daniela Verze\u00f1assi, del Foro Ecologista, que se mostr\u00f3 indignada por las determinaciones del STJ.<\/p>\n<p>&nbsp;<\/p>\n<p><strong>Interrogantes<\/strong><\/p>\n<p>Entre otros reclamos, desde Basta es Basta reprocharon a los jueces que en la notificaci\u00f3n recibida el 8 de febrero est\u00e1 acompa\u00f1ada por una decisi\u00f3n que \u201ccontradice la ley de amparos que garantiza la gratuidad, ya que el STJ pretende cobrar honorarios de 14 mil pesos en concepto de costas para el fiscal de Estado Julio Rodr\u00edguez Signes (a quien todos y todas pagamos su abultado sueldo). Situaci\u00f3n de una absoluta ilegalidad y enorme verg\u00fcenza por los derechos afectados. M\u00e1s que un acto jur\u00eddico, parece una acci\u00f3n dirigida a silenciarnos. No lo lograr\u00e1n, iremos a la Corte Suprema de Justicia de la Naci\u00f3n porque el derecho internacional nos respalda\u201d, sostuvieron, y agregaron: \u201cEs de suponer que estos jueces que integran el \u00f3rgano m\u00e1ximo en la justicia entrerriana, son las personas m\u00e1s formadas en la materia. Por tanto \u00bfdesconocen la gratuidad de la acci\u00f3n de amparo ambiental, otorgada en la propia Constituci\u00f3n de Entre R\u00edos?\u00a0 \u00bfA qu\u00e9 intereses sirven cuando desconocen la Constituci\u00f3n a la que se deben? \u00bfAl mal denominado agronegocio?\u201d, interrogaron. \u201cEl Supremo Tribunal reunido casualmente con la Mesa de Enlace, beneficiados por sus fallos ya que tendr\u00e1n m\u00e1s tiempo para fumigar. Jam\u00e1s escucharon a las y los afectados\u201d, dispararon.<\/p>\n<p>En cuanto al decreto N\u00ba 2.239\/19, desde la Coordinadora reclamaron respuestas ante los dichos del fiscal de Estado que aseguraba que la norma garantizar\u00eda \u201cla seguridad ambiental y la salud\u201d, y preguntaron:<\/p>\n<p>\u201c\u00bfPor qu\u00e9 no est\u00e1 disponible de manera completa el mapa georreferenciado de Escuelas Rurales de la provincia de Entre R\u00edos (art 7\u00b0)? Esa informaci\u00f3n fue provista en 2014 a la Secretar\u00eda de Agricultura, relevada por uno de nuestros compa\u00f1eros. Pero ni el gobernador ni el fiscal de Estado saben si se fumiga o no al lado de las escuelas. Y si lo saben, no lo controlan ni lo verifican por escrito. Mal pueden evaluar el impacto en el ambiente y menos determinar el impacto en la salud\u201d.<\/p>\n<p>\u201c\u00bfSe inici\u00f3 el programa de seguimiento de la salud de los agricultores y comunidades rurales (Art 15\u00b0)?<\/p>\n<p>\u201c\u00bfYa puso en l\u00ednea el Gobierno de Entre R\u00edos el cacareado \u2018sistema web de gesti\u00f3n de informaci\u00f3n con tecnolog\u00eda georeferencial\u2019 y el \u2018sistema de monitoreo Remoto y Trazabilidad de la aplicaci\u00f3n de agroqu\u00edmicos que implique la adquisici\u00f3n, registro y gesti\u00f3n de alarmas con transmisi\u00f3n de datos basados en una microcentral para ser instalado en pulverizadoras\u2019 prometido en el art\u00edculo 8\u00b0 del decreto. \u00bfHabr\u00e1 llegado la hora milagrosa de que los pueblos fumigados podamos acceder a la informaci\u00f3n de quienes son los responsables de envenenarnos? Las empresas aplicadoras y el Colegio de Agr\u00f3nomos ya lo saben de sobra, hace largo tiempo porque la tecnolog\u00eda est\u00e1 vigente y es utilizada por la agroindustria\u201d.<\/p>\n<p>Ratificando la salida a este gran problema es la promoci\u00f3n de la agroecolog\u00eda, desde Basta es Basta afirmaron que \u201ces inaceptable que el Estado deje la provincia liberada para fumigar e impida que avancemos en un modelo productivo que nos incluya y respete la vida en la tierra, tal como lo propusimos de manera permanente a trav\u00e9s del Foro de Agroecolog\u00eda, al que se comprometi\u00f3 el gobierno de Bordet. Entre R\u00edos merece otro destino. \u00a1Hay alternativa; Agroecolog\u00eda!\u201d, concluyeron.<\/p>\n","protected":false},"excerpt":{"rendered":"<p>La Coordinadora por una Vida Sin Agrot\u00f3xicos Basta es Basta repudi\u00f3 en un comunicado la decisi\u00f3n del Superior Tribunal de Justicia provincial de cercenarles un recurso extraordinario federal para reclamar ante el m\u00e1ximo tribunal de la Naci\u00f3n por el decreto del gobernador que acorta las distancias de fumigaci\u00f3n alrededor de las escuelas rurales &nbsp; &nbsp; Los ambientalistas denunciaron a los jueces por favorecer a las entidades gremiales de la Mesa de Enlace rural. Tambi\u00e9n criticaron que el Gobierno provincial por no cumplir con las medidas de seguridad para las fumigaciones&#8230;<\/p>\n","protected":false},"author":3,"featured_media":33347,"comment_status":"closed","ping_status":"closed","sticky":false,"template":"","format":"standard","meta":[],"categories":[15],"tags":[],"_links":{"self":[{"href":"https:\/\/www.actualidadadiario.com\/index.php\/wp-json\/wp\/v2\/posts\/57519"}],"collection":[{"href":"https:\/\/www.actualidadadiario.com\/index.php\/wp-json\/wp\/v2\/posts"}],"about":[{"href":"https:\/\/www.actualidadadiario.com\/index.php\/wp-json\/wp\/v2\/types\/post"}],"author":[{"embeddable":true,"href":"https:\/\/www.actualidadadiario.com\/index.php\/wp-json\/wp\/v2\/users\/3"}],"replies":[{"embeddable":true,"href":"https:\/\/www.actualidadadiario.com\/index.php\/wp-json\/wp\/v2\/comments?post=57519"}],"version-history":[{"count":1,"href":"https:\/\/www.actualidadadiario.com\/index.php\/wp-json\/wp\/v2\/posts\/57519\/revisions"}],"predecessor-version":[{"id":57520,"href":"https:\/\/www.actualidadadiario.com\/index.php\/wp-json\/wp\/v2\/posts\/57519\/revisions\/57520"}],"wp:featuredmedia":[{"embeddable":true,"href":"https:\/\/www.actualidadadiario.com\/index.php\/wp-json\/wp\/v2\/media\/33347"}],"wp:attachment":[{"href":"https:\/\/www.actualidadadiario.com\/index.php\/wp-json\/wp\/v2\/media?parent=57519"}],"wp:term":[{"taxonomy":"category","embeddable":true,"href":"https:\/\/www.actualidadadiario.com\/index.php\/wp-json\/wp\/v2\/categories?post=57519"},{"taxonomy":"post_tag","embeddable":true,"href":"https:\/\/www.actualidadadiario.com\/index.php\/wp-json\/wp\/v2\/tags?post=57519"}],"curies":[{"name":"wp","href":"https:\/\/api.w.org\/{rel}","templated":true}]}}