{"id":57513,"date":"2020-02-10T12:29:49","date_gmt":"2020-02-10T15:29:49","guid":{"rendered":"https:\/\/www.actualidadadiario.com\/?p=57513"},"modified":"2020-02-10T12:29:49","modified_gmt":"2020-02-10T15:29:49","slug":"el-gobierno-entrerriano-trabaja-en-la-aplicacion-de-la-ley-micaela","status":"publish","type":"post","link":"https:\/\/www.actualidadadiario.com\/index.php\/2020\/02\/10\/el-gobierno-entrerriano-trabaja-en-la-aplicacion-de-la-ley-micaela\/","title":{"rendered":"El gobierno entrerriano trabaja en la aplicaci\u00f3n de la Ley Micaela"},"content":{"rendered":"<p style=\"text-align: center;\"><em><strong>La provincia planifica la capacitaci\u00f3n en abordaje de pol\u00edticas de g\u00e9nero y la aplicaci\u00f3n de la ley N\u00b0 27.449, conocida como \u201cLey Micaela\u201d, en todo el territorio entrerriano. Trabajan en ello referentes y equipos t\u00e9cnicos de los Ministerios de Salud y Desarrollo Social<\/strong><\/em><\/p>\n<p>&nbsp;<\/p>\n<p>&nbsp;<\/p>\n<p>Entre R\u00edos adhiri\u00f3 en diciembre de 2019 a la ley N\u00b0 27.499, titulada \u201cLey Micaela de capacitaci\u00f3n obligatoria en g\u00e9nero para todas las personas que integran los tres poderes del Estado\u201d. En tal sentido, el Ministerio de Salud comenz\u00f3 a poner en pr\u00e1ctica lo establecido por dicha legislaci\u00f3n y, en este marco, se realiz\u00f3 la primera reuni\u00f3n para planificar la aplicaci\u00f3n del texto legal en nuestra provincia.<\/p>\n<p>En la oportunidad, la titular del Programa de Salud Sexual y Reproductiva, Lucy Grimalt, quien est\u00e1 al frente de la instancia de formaci\u00f3n por la cartera sanitaria, manifest\u00f3 que el encuentro se llev\u00f3 a cabo para analizar el proceso que se realiza desde el Ministerio de Salud en relaci\u00f3n a los lineamientos existentes en torno a pol\u00edticas de g\u00e9nero.<\/p>\n<p>Por otro lado, Grimalt destac\u00f3: \u201cSe acord\u00f3 continuar con reuniones para planificar las capacitaciones correspondientes al resto del a\u00f1o. Es un trabajo que se realiza de manera articulada con la Secretar\u00eda de Mujeres, G\u00e9nero y Diversidad, dependiente del Ministerio de Desarrollo Social, que es el organismo encargado de la aplicaci\u00f3n de la ley en la provincia\u201d.<\/p>\n<p>En este contexto, la titular de la Secretar\u00eda de Mujeres, G\u00e9nero y Diversidad, Mariana Broggi, destac\u00f3 que el objetivo es coordinar el esquema de las capacitaciones en la provincia y, en tal sentido, Salud es el primero de los Ministerios provinciales con el cual se trabaja el abordaje de la ley.<\/p>\n<p>Por otro lado, Broggi referenci\u00f3 que se trabaja en la concreci\u00f3n de un Observatorio que estar\u00e1 integrado por un representante de cada poder del Estado; uno por cada una de las universidades p\u00fablicas de Entre R\u00edos; y tres representantes de ONG con personer\u00eda jur\u00eddica que trabajen en pol\u00edticas de g\u00e9nero. Asimismo, record\u00f3 que las capacitaciones espec\u00edficas comenzar\u00e1n una vez conformado el Observatorio.<\/p>\n<p>Para finalizar, cabe mencionar que, en representaci\u00f3n de la cartera sanitaria, de la reuni\u00f3n participaron el secretario de Pol\u00edticas de Salud y Bienestar, Guillermo Zanuttini; el subsecretario de Redes Integradas de Servicios de Salud, Marcos Bachetti; la referente por Maternidad e Infancia, Alejandra Castill\u00f3n; e integrantes de la direcci\u00f3n de Ciencia y Tecnolog\u00eda. En tanto que por Desarrollo Social, Mariana Broggi estuvo acompa\u00f1ada por equipos t\u00e9cnicos.<\/p>\n","protected":false},"excerpt":{"rendered":"<p>La provincia planifica la capacitaci\u00f3n en abordaje de pol\u00edticas de g\u00e9nero y la aplicaci\u00f3n de la ley N\u00b0 27.449, conocida como \u201cLey Micaela\u201d, en todo el territorio entrerriano. Trabajan en ello referentes y equipos t\u00e9cnicos de los Ministerios de Salud y Desarrollo Social &nbsp; &nbsp; Entre R\u00edos adhiri\u00f3 en diciembre de 2019 a la ley N\u00b0 27.499, titulada \u201cLey Micaela de capacitaci\u00f3n obligatoria en g\u00e9nero para todas las personas que integran los tres poderes del Estado\u201d. En tal sentido, el Ministerio de Salud comenz\u00f3 a poner en pr\u00e1ctica lo establecido&#8230;<\/p>\n","protected":false},"author":3,"featured_media":57514,"comment_status":"closed","ping_status":"closed","sticky":false,"template":"","format":"standard","meta":[],"categories":[9],"tags":[],"_links":{"self":[{"href":"https:\/\/www.actualidadadiario.com\/index.php\/wp-json\/wp\/v2\/posts\/57513"}],"collection":[{"href":"https:\/\/www.actualidadadiario.com\/index.php\/wp-json\/wp\/v2\/posts"}],"about":[{"href":"https:\/\/www.actualidadadiario.com\/index.php\/wp-json\/wp\/v2\/types\/post"}],"author":[{"embeddable":true,"href":"https:\/\/www.actualidadadiario.com\/index.php\/wp-json\/wp\/v2\/users\/3"}],"replies":[{"embeddable":true,"href":"https:\/\/www.actualidadadiario.com\/index.php\/wp-json\/wp\/v2\/comments?post=57513"}],"version-history":[{"count":1,"href":"https:\/\/www.actualidadadiario.com\/index.php\/wp-json\/wp\/v2\/posts\/57513\/revisions"}],"predecessor-version":[{"id":57515,"href":"https:\/\/www.actualidadadiario.com\/index.php\/wp-json\/wp\/v2\/posts\/57513\/revisions\/57515"}],"wp:featuredmedia":[{"embeddable":true,"href":"https:\/\/www.actualidadadiario.com\/index.php\/wp-json\/wp\/v2\/media\/57514"}],"wp:attachment":[{"href":"https:\/\/www.actualidadadiario.com\/index.php\/wp-json\/wp\/v2\/media?parent=57513"}],"wp:term":[{"taxonomy":"category","embeddable":true,"href":"https:\/\/www.actualidadadiario.com\/index.php\/wp-json\/wp\/v2\/categories?post=57513"},{"taxonomy":"post_tag","embeddable":true,"href":"https:\/\/www.actualidadadiario.com\/index.php\/wp-json\/wp\/v2\/tags?post=57513"}],"curies":[{"name":"wp","href":"https:\/\/api.w.org\/{rel}","templated":true}]}}