{"id":57510,"date":"2020-02-10T12:29:02","date_gmt":"2020-02-10T15:29:02","guid":{"rendered":"https:\/\/www.actualidadadiario.com\/?p=57510"},"modified":"2020-02-10T12:29:02","modified_gmt":"2020-02-10T15:29:02","slug":"bordet-propondra-proyectos-para-mejorar-la-calidad-institucional-en-la-provincia","status":"publish","type":"post","link":"https:\/\/www.actualidadadiario.com\/index.php\/2020\/02\/10\/bordet-propondra-proyectos-para-mejorar-la-calidad-institucional-en-la-provincia\/","title":{"rendered":"Bordet propondr\u00e1 proyectos para mejorar la calidad institucional en la provincia"},"content":{"rendered":"<p style=\"text-align: center;\"><em><strong>El gobernador Gustavo Bordet mantuvo una reuni\u00f3n de trabajo con la vicegobernadora Laura Stratta durante la cual profundizaron el an\u00e1lisis de los diferentes aspectos de la agenda legislativa para este a\u00f1o, cuyo per\u00edodo de sesiones ordinarias comenzar\u00e1 el 15 de febrero<\/strong><\/em><\/p>\n<p>&nbsp;<\/p>\n<p>&nbsp;<\/p>\n<p>En esa oportunidad el mandatario provincial informar\u00e1 a los legisladores entrerrianos reunidos en la Asamblea Legislativa sobre la marcha de la administraci\u00f3n provincial, ratificando los ejes centrales de su gobierno e informando sobre los aspectos que se trabajar\u00e1n junto al Poder Legislativo.<\/p>\n<p>La vicegobernadora Stratta, en su condici\u00f3n de presidenta de la C\u00e1mara de Senadores, inform\u00f3 que el encuentro se enmarca en una modalidad de trabajo articulado que sostiene el Ejecutivo provincial, y tambi\u00e9n en el compromiso manifestado por el gobernador al asumir su segundo mandato, acerca de impulsar una serie de reformas que sirvan para mejorar la calidad institucional en la provincia.<\/p>\n<p>Es parte de nuestra responsabilidad fortalecer la relaci\u00f3n entre el Poder Ejecutivo y el Legislativo para ser m\u00e1s efectivos en nuestra tarea, porque eso es tambi\u00e9n una demanda de la sociedad\u201d, expres\u00f3.<\/p>\n<p>\u201cCreemos que adem\u00e1s de atender los temas y las urgencias de todos los d\u00edas, a trav\u00e9s de un Estado presente y activo; mejorar la calidad institucional es tambi\u00e9n un aspecto importante de la gesti\u00f3n. Lo fue y lo sigue siendo para nuestro gobernador, y tambi\u00e9n lo es para nuestro Presidente Alberto Fern\u00e1ndez\u201d, indic\u00f3 Stratta.<\/p>\n<p>\u201cEs parte de nuestra responsabilidad fortalecer la relaci\u00f3n entre el Poder Ejecutivo y el Legislativo para ser m\u00e1s efectivos en nuestra tarea, porque eso es tambi\u00e9n una demanda de la sociedad\u201d, a\u00f1adi\u00f3.<\/p>\n","protected":false},"excerpt":{"rendered":"<p>El gobernador Gustavo Bordet mantuvo una reuni\u00f3n de trabajo con la vicegobernadora Laura Stratta durante la cual profundizaron el an\u00e1lisis de los diferentes aspectos de la agenda legislativa para este a\u00f1o, cuyo per\u00edodo de sesiones ordinarias comenzar\u00e1 el 15 de febrero &nbsp; &nbsp; En esa oportunidad el mandatario provincial informar\u00e1 a los legisladores entrerrianos reunidos en la Asamblea Legislativa sobre la marcha de la administraci\u00f3n provincial, ratificando los ejes centrales de su gobierno e informando sobre los aspectos que se trabajar\u00e1n junto al Poder Legislativo. La vicegobernadora Stratta, en su&#8230;<\/p>\n","protected":false},"author":3,"featured_media":57511,"comment_status":"closed","ping_status":"closed","sticky":false,"template":"","format":"standard","meta":[],"categories":[15],"tags":[],"_links":{"self":[{"href":"https:\/\/www.actualidadadiario.com\/index.php\/wp-json\/wp\/v2\/posts\/57510"}],"collection":[{"href":"https:\/\/www.actualidadadiario.com\/index.php\/wp-json\/wp\/v2\/posts"}],"about":[{"href":"https:\/\/www.actualidadadiario.com\/index.php\/wp-json\/wp\/v2\/types\/post"}],"author":[{"embeddable":true,"href":"https:\/\/www.actualidadadiario.com\/index.php\/wp-json\/wp\/v2\/users\/3"}],"replies":[{"embeddable":true,"href":"https:\/\/www.actualidadadiario.com\/index.php\/wp-json\/wp\/v2\/comments?post=57510"}],"version-history":[{"count":1,"href":"https:\/\/www.actualidadadiario.com\/index.php\/wp-json\/wp\/v2\/posts\/57510\/revisions"}],"predecessor-version":[{"id":57512,"href":"https:\/\/www.actualidadadiario.com\/index.php\/wp-json\/wp\/v2\/posts\/57510\/revisions\/57512"}],"wp:featuredmedia":[{"embeddable":true,"href":"https:\/\/www.actualidadadiario.com\/index.php\/wp-json\/wp\/v2\/media\/57511"}],"wp:attachment":[{"href":"https:\/\/www.actualidadadiario.com\/index.php\/wp-json\/wp\/v2\/media?parent=57510"}],"wp:term":[{"taxonomy":"category","embeddable":true,"href":"https:\/\/www.actualidadadiario.com\/index.php\/wp-json\/wp\/v2\/categories?post=57510"},{"taxonomy":"post_tag","embeddable":true,"href":"https:\/\/www.actualidadadiario.com\/index.php\/wp-json\/wp\/v2\/tags?post=57510"}],"curies":[{"name":"wp","href":"https:\/\/api.w.org\/{rel}","templated":true}]}}