{"id":57508,"date":"2020-02-10T12:28:12","date_gmt":"2020-02-10T15:28:12","guid":{"rendered":"https:\/\/www.actualidadadiario.com\/?p=57508"},"modified":"2020-02-10T12:54:19","modified_gmt":"2020-02-10T15:54:19","slug":"firmaran-el-convenio-para-implementar-la-tarjeta-alimentar-en-entre-rios","status":"publish","type":"post","link":"https:\/\/www.actualidadadiario.com\/index.php\/2020\/02\/10\/firmaran-el-convenio-para-implementar-la-tarjeta-alimentar-en-entre-rios\/","title":{"rendered":"Firmar\u00e1n el convenio para implementar la Tarjeta Alimentar en Entre R\u00edos"},"content":{"rendered":"<p style=\"text-align: center;\"><em><strong>El ministro Daniel Arroyo y el gobernador Gustavo Bordet firmar\u00e1n este lunes el convenio para la implementaci\u00f3n de la Tarjeta Alimentar En Entre R\u00edos. Esto beneficiar\u00e1 a m\u00e1s de 70 mil personas<\/strong><\/em><\/p>\n<p>&nbsp;<\/p>\n<p>&nbsp;<\/p>\n<p>Se firmar\u00e1 este lunes, en el Centro de Convenciones el convenio entre el ministro de Desarrollo Social de la Naci\u00f3n, Daniel Arroyo, y el gobernador Gustavo Bordet, para implementar la Tarjeta Alimentar en la provincia de Entre R\u00edos.<\/p>\n<p>A partir del 17 de febrero se realizar\u00e1n los operativos de entrega de las tarjetas Alimentar en la provincia, que beneficiar\u00e1 a m\u00e1s de 70 mil personas y los 37.000 pl\u00e1sticos se distribuir\u00e1n en 143 municipios de la provincia.<\/p>\n<p>La implementaci\u00f3n de la Tarjeta Alimentar ser\u00e1 autom\u00e1tica y ser\u00e1 entregada a madres o padres con hijos e hijas de hasta 6 a\u00f1os que reciben la Asignaci\u00f3n Universal por Hijo (AUH), embarazadas a partir de los 3 meses que cobran la Asignaci\u00f3n por Embarazo y a personas con discapacidad que reciben la AUH.<\/p>\n<p>Los pl\u00e1sticos ser\u00e1n entregados por el Banco Naci\u00f3n y no habr\u00e1 intermediarios, no se podr\u00e1 extraer dinero en efectivo y el tercer viernes de cada mes se recargar\u00e1 de forma autom\u00e1tica.<\/p>\n<p>&#8220;Entre R\u00edos tuvo la particularidad de que conformamos una mesa interministerial para el Plan Argentina contra el Hambre, donde est\u00e1n los ministerios de Educaci\u00f3n, Desarrollo, Salud y Producci\u00f3n&#8221;, explic\u00f3 El Diario, la ministra de Desarrollo Social de la Provincia, Marisa Paira.<\/p>\n<p>&#8220;El Plan Argentina contra el Hambre es mucho m\u00e1s que la tarjeta, en cuanto a estrategia de soberan\u00eda alimentaria y devolver derechos&#8221;, a\u00f1adi\u00f3.<\/p>\n<p>En ese sentido, Paira consider\u00f3 que, &#8220;era necesario establecer una estrategia interministerial sostenida, por eso, conformamos esta mesa donde hay representantes de las cuatro \u00e1reas y son los que tienen a cargo el dise\u00f1o de la estrategia en Entre R\u00edos&#8221;.<\/p>\n","protected":false},"excerpt":{"rendered":"<p>El ministro Daniel Arroyo y el gobernador Gustavo Bordet firmar\u00e1n este lunes el convenio para la implementaci\u00f3n de la Tarjeta Alimentar En Entre R\u00edos. Esto beneficiar\u00e1 a m\u00e1s de 70 mil personas &nbsp; &nbsp; Se firmar\u00e1 este lunes, en el Centro de Convenciones el convenio entre el ministro de Desarrollo Social de la Naci\u00f3n, Daniel Arroyo, y el gobernador Gustavo Bordet, para implementar la Tarjeta Alimentar en la provincia de Entre R\u00edos. A partir del 17 de febrero se realizar\u00e1n los operativos de entrega de las tarjetas Alimentar en la&#8230;<\/p>\n","protected":false},"author":3,"featured_media":56220,"comment_status":"closed","ping_status":"closed","sticky":false,"template":"","format":"standard","meta":[],"categories":[9,15],"tags":[],"_links":{"self":[{"href":"https:\/\/www.actualidadadiario.com\/index.php\/wp-json\/wp\/v2\/posts\/57508"}],"collection":[{"href":"https:\/\/www.actualidadadiario.com\/index.php\/wp-json\/wp\/v2\/posts"}],"about":[{"href":"https:\/\/www.actualidadadiario.com\/index.php\/wp-json\/wp\/v2\/types\/post"}],"author":[{"embeddable":true,"href":"https:\/\/www.actualidadadiario.com\/index.php\/wp-json\/wp\/v2\/users\/3"}],"replies":[{"embeddable":true,"href":"https:\/\/www.actualidadadiario.com\/index.php\/wp-json\/wp\/v2\/comments?post=57508"}],"version-history":[{"count":1,"href":"https:\/\/www.actualidadadiario.com\/index.php\/wp-json\/wp\/v2\/posts\/57508\/revisions"}],"predecessor-version":[{"id":57509,"href":"https:\/\/www.actualidadadiario.com\/index.php\/wp-json\/wp\/v2\/posts\/57508\/revisions\/57509"}],"wp:featuredmedia":[{"embeddable":true,"href":"https:\/\/www.actualidadadiario.com\/index.php\/wp-json\/wp\/v2\/media\/56220"}],"wp:attachment":[{"href":"https:\/\/www.actualidadadiario.com\/index.php\/wp-json\/wp\/v2\/media?parent=57508"}],"wp:term":[{"taxonomy":"category","embeddable":true,"href":"https:\/\/www.actualidadadiario.com\/index.php\/wp-json\/wp\/v2\/categories?post=57508"},{"taxonomy":"post_tag","embeddable":true,"href":"https:\/\/www.actualidadadiario.com\/index.php\/wp-json\/wp\/v2\/tags?post=57508"}],"curies":[{"name":"wp","href":"https:\/\/api.w.org\/{rel}","templated":true}]}}