{"id":57500,"date":"2020-02-06T12:36:46","date_gmt":"2020-02-06T15:36:46","guid":{"rendered":"https:\/\/www.actualidadadiario.com\/?p=57500"},"modified":"2020-02-06T12:36:46","modified_gmt":"2020-02-06T15:36:46","slug":"lula-se-reunira-con-el-papa-para-agradecerle-su-apoyo","status":"publish","type":"post","link":"https:\/\/www.actualidadadiario.com\/index.php\/2020\/02\/06\/lula-se-reunira-con-el-papa-para-agradecerle-su-apoyo\/","title":{"rendered":"Lula se reunir\u00e1 con el Papa para agradecerle su apoyo"},"content":{"rendered":"<p style=\"text-align: center;\"><em><strong>El expresidente de Brasil y Francisco mantendr\u00e1n un encuentro el 13 de febrero, que habr\u00eda sido gestionado por Alberto Fern\u00e1ndez. Tambi\u00e9n hablar\u00e1n de la lucha contra la pobreza<\/strong><\/em><\/p>\n<p>&nbsp;<\/p>\n<p>&nbsp;<\/p>\n<p>El expresidente de Brasil, Lula da Silva, se reunir\u00e1 con el papa Francisco en el Vaticano el jueves de la semana pr\u00f3xima, un encuentro en el que el l\u00edder de izquierda espera agradecer al sumo pont\u00edfice la &#8220;solidaridad mostrada en un momento dif\u00edcil&#8221;.<\/p>\n<p>&#8220;Visitar\u00e9 al papa Francisco para agradecer no solo la solidaridad que tuvo conmigo en un momento dif\u00edcil, sino sobre todo su dedicaci\u00f3n a los oprimidos. Tambi\u00e9n quiero discutir la experiencia brasile\u00f1a en la lucha contra la pobreza&#8221;, anunci\u00f3 en Twitter.<\/p>\n<p>Para realizar el viaje, que se extender\u00e1 desde el 12 al 15 de este mes, la defensa de Lula pidi\u00f3 aplazar una audiencia judicial.<\/p>\n<p>Seg\u00fan la prensa brasile\u00f1a, la audiencia con el Papa fue gestionada por el presidente Alberto Fern\u00e1ndez durante su visita al Vaticano la semana pasada.<\/p>\n<p>El interrogatorio est\u00e1 relacionado con la Operaci\u00f3n Zelotes, en la cual Lula est\u00e1 acusado de &#8220;corrupci\u00f3n pasiva&#8221; como presunto part\u00edcipe en la venta de una ordenanza que prorrog\u00f3 la validez de incentivos fiscales para montadoras de autos.<\/p>\n<p>Lula deber\u00e1 ahora solicitar la restituci\u00f3n de su pasaporte, retenido en tanto que condenado en la operaci\u00f3n anticorrupci\u00f3n Lava Jato, indic\u00f3 a la AFP el tribunal de segunda instancia de Porto Alegre (TRF4). No obstante, su defensa destac\u00f3 que no existe ninguna prohibici\u00f3n para que deje el pa\u00eds.<\/p>\n<p>El expresidente fue liberado el 8 de noviembre de una c\u00e1rcel de Curitiba (sur), donde cumpl\u00eda desde abril de 2018 una sentencia de 8 a\u00f1os y 10 meses de reclusi\u00f3n por corrupci\u00f3n pasiva y lavado de dinero.<\/p>\n","protected":false},"excerpt":{"rendered":"<p>El expresidente de Brasil y Francisco mantendr\u00e1n un encuentro el 13 de febrero, que habr\u00eda sido gestionado por Alberto Fern\u00e1ndez. Tambi\u00e9n hablar\u00e1n de la lucha contra la pobreza &nbsp; &nbsp; El expresidente de Brasil, Lula da Silva, se reunir\u00e1 con el papa Francisco en el Vaticano el jueves de la semana pr\u00f3xima, un encuentro en el que el l\u00edder de izquierda espera agradecer al sumo pont\u00edfice la &#8220;solidaridad mostrada en un momento dif\u00edcil&#8221;. &#8220;Visitar\u00e9 al papa Francisco para agradecer no solo la solidaridad que tuvo conmigo en un momento dif\u00edcil,&#8230;<\/p>\n","protected":false},"author":3,"featured_media":43161,"comment_status":"closed","ping_status":"closed","sticky":false,"template":"","format":"standard","meta":[],"categories":[4],"tags":[],"_links":{"self":[{"href":"https:\/\/www.actualidadadiario.com\/index.php\/wp-json\/wp\/v2\/posts\/57500"}],"collection":[{"href":"https:\/\/www.actualidadadiario.com\/index.php\/wp-json\/wp\/v2\/posts"}],"about":[{"href":"https:\/\/www.actualidadadiario.com\/index.php\/wp-json\/wp\/v2\/types\/post"}],"author":[{"embeddable":true,"href":"https:\/\/www.actualidadadiario.com\/index.php\/wp-json\/wp\/v2\/users\/3"}],"replies":[{"embeddable":true,"href":"https:\/\/www.actualidadadiario.com\/index.php\/wp-json\/wp\/v2\/comments?post=57500"}],"version-history":[{"count":1,"href":"https:\/\/www.actualidadadiario.com\/index.php\/wp-json\/wp\/v2\/posts\/57500\/revisions"}],"predecessor-version":[{"id":57501,"href":"https:\/\/www.actualidadadiario.com\/index.php\/wp-json\/wp\/v2\/posts\/57500\/revisions\/57501"}],"wp:featuredmedia":[{"embeddable":true,"href":"https:\/\/www.actualidadadiario.com\/index.php\/wp-json\/wp\/v2\/media\/43161"}],"wp:attachment":[{"href":"https:\/\/www.actualidadadiario.com\/index.php\/wp-json\/wp\/v2\/media?parent=57500"}],"wp:term":[{"taxonomy":"category","embeddable":true,"href":"https:\/\/www.actualidadadiario.com\/index.php\/wp-json\/wp\/v2\/categories?post=57500"},{"taxonomy":"post_tag","embeddable":true,"href":"https:\/\/www.actualidadadiario.com\/index.php\/wp-json\/wp\/v2\/tags?post=57500"}],"curies":[{"name":"wp","href":"https:\/\/api.w.org\/{rel}","templated":true}]}}