{"id":57491,"date":"2020-02-06T12:34:15","date_gmt":"2020-02-06T15:34:15","guid":{"rendered":"https:\/\/www.actualidadadiario.com\/?p=57491"},"modified":"2020-02-06T12:34:15","modified_gmt":"2020-02-06T15:34:15","slug":"bolsonaro-considera-que-las-personas-con-vih-son-un-gasto-para-brasil","status":"publish","type":"post","link":"https:\/\/www.actualidadadiario.com\/index.php\/2020\/02\/06\/bolsonaro-considera-que-las-personas-con-vih-son-un-gasto-para-brasil\/","title":{"rendered":"Bolsonaro considera que &#8220;las personas con VIH son un gasto para Brasil&#8221;"},"content":{"rendered":"<p style=\"text-align: center;\"><em><strong>El presidente de Brasil realiz\u00f3 la pol\u00e9mica declaraci\u00f3n al hablar sobre embarazo adolescente. Culp\u00f3 al PT por &#8220;predicar libertad en todo&#8221;, a la cual adjudica ahora un clima de &#8220;depravaci\u00f3n total&#8221;<\/strong><\/em><\/p>\n<p>&nbsp;<\/p>\n<p>&nbsp;<\/p>\n<p>El presidente de Brasil, Jair Bolsonaro, dijo el mi\u00e9rcoles que las personas portadoras del virus del VIH son &#8220;un gasto para todos en Brasil&#8221;, as\u00ed como un &#8220;problema grave&#8221; para la misma persona, unas declaraciones que r\u00e1pidamente generaron indignaci\u00f3n.<\/p>\n<p>El mandatario ultraconservador hizo el pol\u00e9mico comentario en su tradicional saludo a la prensa y a sus seguidores en el palacio de la Alvorada.<\/p>\n<p>Para referirse al tema, habl\u00f3 sobre una historia contada por el periodista Alexandre Garc\u00eda, sobre la experiencia de su esposa, que es obstetra, inform\u00f3 O Globo.<\/p>\n<p>Seg\u00fan el relato, la obstetra asisti\u00f3 a una mujer que tuvo su primer hijo a los 12 a\u00f1os, el segundo tres a\u00f1os despu\u00e9s, y cuando naci\u00f3 el tercero era portadora de VIH.<\/p>\n<p>&#8220;Una persona con VIH, adem\u00e1s del grave problema para ellos, es un gasto para todos en Brasil&#8221;, dijo Bolsonaro mientras defend\u00eda a la ministra de Mujer, Familia y Derechos Humanos, Damares Alves, quien propuso la abstinencia sexual como una pol\u00edtica p\u00fablica contra el embarazo adolescente.<\/p>\n<p>&#8220;Cuando se habla de abstinencia sexual, disc\u00falpela \u00bfQu\u00e9 quiere? Tengo una hija de nueve a\u00f1os, \u00bfCre\u00e9s que quiero que quede embarazada el a\u00f1o que viene? No tiene sentido eso&#8221;, afirm\u00f3, defendiendo la campa\u00f1a del Ministerio, muy cuestionada, entre otras cosas por no entregar ni informar sobre el uso de preservativos.<\/p>\n<p>Bolsonaro declar\u00f3 que existe una &#8220;depravaci\u00f3n total&#8221; y culp\u00f3 a los gobiernos del Partido de los Trabajadores (PT) por ello.<\/p>\n<p>&#8220;Esa libertad que predicaron en todo, ese vale todo, le da glamour a ciertos comportamientos con los que un jefe de familia no est\u00e1 de acuerdo. Y se llega a este punto, la depravaci\u00f3n total. Ya ni siquiera respetamos el aula&#8221;, remat\u00f3.<\/p>\n<p>La diputada Gleisi Hoffman, presidenta del PT, escribi\u00f3 en Twitter, donde se sucedieron los tuits en contra del mandatario: &#8220;\u00bfDe d\u00f3nde viene tanto odio, Bolsonaro? Esta forma de hablar sobre las personas con VIH es inhumana. En PT cultivamos valores como el respeto y el amor por los dem\u00e1s. En salud y en enfermedad, todos merecen solidaridad. As\u00ed gobern\u00e1bamos Brasil&#8221;.<\/p>\n","protected":false},"excerpt":{"rendered":"<p>El presidente de Brasil realiz\u00f3 la pol\u00e9mica declaraci\u00f3n al hablar sobre embarazo adolescente. Culp\u00f3 al PT por &#8220;predicar libertad en todo&#8221;, a la cual adjudica ahora un clima de &#8220;depravaci\u00f3n total&#8221; &nbsp; &nbsp; El presidente de Brasil, Jair Bolsonaro, dijo el mi\u00e9rcoles que las personas portadoras del virus del VIH son &#8220;un gasto para todos en Brasil&#8221;, as\u00ed como un &#8220;problema grave&#8221; para la misma persona, unas declaraciones que r\u00e1pidamente generaron indignaci\u00f3n. El mandatario ultraconservador hizo el pol\u00e9mico comentario en su tradicional saludo a la prensa y a sus seguidores&#8230;<\/p>\n","protected":false},"author":3,"featured_media":57492,"comment_status":"closed","ping_status":"closed","sticky":false,"template":"","format":"standard","meta":[],"categories":[4],"tags":[],"_links":{"self":[{"href":"https:\/\/www.actualidadadiario.com\/index.php\/wp-json\/wp\/v2\/posts\/57491"}],"collection":[{"href":"https:\/\/www.actualidadadiario.com\/index.php\/wp-json\/wp\/v2\/posts"}],"about":[{"href":"https:\/\/www.actualidadadiario.com\/index.php\/wp-json\/wp\/v2\/types\/post"}],"author":[{"embeddable":true,"href":"https:\/\/www.actualidadadiario.com\/index.php\/wp-json\/wp\/v2\/users\/3"}],"replies":[{"embeddable":true,"href":"https:\/\/www.actualidadadiario.com\/index.php\/wp-json\/wp\/v2\/comments?post=57491"}],"version-history":[{"count":1,"href":"https:\/\/www.actualidadadiario.com\/index.php\/wp-json\/wp\/v2\/posts\/57491\/revisions"}],"predecessor-version":[{"id":57493,"href":"https:\/\/www.actualidadadiario.com\/index.php\/wp-json\/wp\/v2\/posts\/57491\/revisions\/57493"}],"wp:featuredmedia":[{"embeddable":true,"href":"https:\/\/www.actualidadadiario.com\/index.php\/wp-json\/wp\/v2\/media\/57492"}],"wp:attachment":[{"href":"https:\/\/www.actualidadadiario.com\/index.php\/wp-json\/wp\/v2\/media?parent=57491"}],"wp:term":[{"taxonomy":"category","embeddable":true,"href":"https:\/\/www.actualidadadiario.com\/index.php\/wp-json\/wp\/v2\/categories?post=57491"},{"taxonomy":"post_tag","embeddable":true,"href":"https:\/\/www.actualidadadiario.com\/index.php\/wp-json\/wp\/v2\/tags?post=57491"}],"curies":[{"name":"wp","href":"https:\/\/api.w.org\/{rel}","templated":true}]}}