{"id":57485,"date":"2020-02-06T12:32:37","date_gmt":"2020-02-06T15:32:37","guid":{"rendered":"https:\/\/www.actualidadadiario.com\/?p=57485"},"modified":"2020-02-06T12:32:37","modified_gmt":"2020-02-06T15:32:37","slug":"los-pliegos-de-los-embajadores-seran-analizados-el-18-de-febrero","status":"publish","type":"post","link":"https:\/\/www.actualidadadiario.com\/index.php\/2020\/02\/06\/los-pliegos-de-los-embajadores-seran-analizados-el-18-de-febrero\/","title":{"rendered":"Los pliegos de los embajadores ser\u00e1n analizados el 18 de febrero"},"content":{"rendered":"<p style=\"text-align: center;\"><em><strong>Los candidatos a embajadores propuestos por el Poder Ejecutivo deber\u00e1n asistir a una audiencia que organizar\u00e1 la Comisi\u00f3n de Acuerdos del Senado de la Naci\u00f3n el martes 18 de febrero. Los pliegos de los postulantes recibir\u00e1n estado parlamentario ma\u00f1ana, cuando comience la sesi\u00f3n especial de la C\u00e1mara alta que debatir\u00e1 el proyecto de Ley de Restauraci\u00f3n de la Sostenibilidad de la Deuda externa<\/strong><\/em><\/p>\n<p>&nbsp;<\/p>\n<p>Durante la reuni\u00f3n de esta tarde se resolvi\u00f3 que los candidatos propuestos por el presidente Alberto Fern\u00e1ndez se presenten ante los legisladores que conforman la comisi\u00f3n dentro de dos semanas.<\/p>\n<p>El Poder Ejecutivo ya envi\u00f3 al Senado los pliegos de una docena de candidatos, entre los que figuran Jorge Arg\u00fcello, como embajador ante los Estados Unidos de Am\u00e9rica; el ex senador Fernando Solanas, propuesto como embajador ante la UNESCO; y el ex vicepresidente y ex representante ante el Mercosur, Carlos &#8220;Chacho&#8221; \u00c1lvarez, destinado a Per\u00fa. Tambi\u00e9n los pliegos de los ex gobernadores de Entre R\u00edos Sergio Urribarri; de Buenos Aires Daniel Scioli y de Chaco Domingo Peppo, elegidos para ocupar las embajadas argentinas en Israel, Brasil y Paraguay, respectivamente.<\/p>\n<p>El presidente tambi\u00e9n gir\u00f3 los pliegos de Rodolfo Gil, destinado a Portugal; Carlos Raimundi, para la OEA; Alberto Iribarne, ex ministro de Justicia del gobierno de N\u00e9stor Kirchner, para Uruguay; y Carlos Tomada, ex ministro de Trabajo, para M\u00e9xico. A ellos se sumar\u00e1 el pliego para postular al radical Ricardo Alfons\u00edn, para la representaci\u00f3n argentina en Espa\u00f1a.<\/p>\n<p>La discusi\u00f3n en la Comisi\u00f3n de Acuerdos estar\u00e1 encabezada por la mendocina Anabel Fern\u00e1ndez Sagasti, elegida como presidenta del cuerpo. La legisladora peronista estar\u00e1 secundada por el cordob\u00e9s Ernesto Mart\u00ednez (Juntos por el Cambio).<\/p>\n","protected":false},"excerpt":{"rendered":"<p>Los candidatos a embajadores propuestos por el Poder Ejecutivo deber\u00e1n asistir a una audiencia que organizar\u00e1 la Comisi\u00f3n de Acuerdos del Senado de la Naci\u00f3n el martes 18 de febrero. Los pliegos de los postulantes recibir\u00e1n estado parlamentario ma\u00f1ana, cuando comience la sesi\u00f3n especial de la C\u00e1mara alta que debatir\u00e1 el proyecto de Ley de Restauraci\u00f3n de la Sostenibilidad de la Deuda externa &nbsp; Durante la reuni\u00f3n de esta tarde se resolvi\u00f3 que los candidatos propuestos por el presidente Alberto Fern\u00e1ndez se presenten ante los legisladores que conforman la comisi\u00f3n&#8230;<\/p>\n","protected":false},"author":3,"featured_media":57486,"comment_status":"closed","ping_status":"closed","sticky":false,"template":"","format":"standard","meta":[],"categories":[18],"tags":[],"_links":{"self":[{"href":"https:\/\/www.actualidadadiario.com\/index.php\/wp-json\/wp\/v2\/posts\/57485"}],"collection":[{"href":"https:\/\/www.actualidadadiario.com\/index.php\/wp-json\/wp\/v2\/posts"}],"about":[{"href":"https:\/\/www.actualidadadiario.com\/index.php\/wp-json\/wp\/v2\/types\/post"}],"author":[{"embeddable":true,"href":"https:\/\/www.actualidadadiario.com\/index.php\/wp-json\/wp\/v2\/users\/3"}],"replies":[{"embeddable":true,"href":"https:\/\/www.actualidadadiario.com\/index.php\/wp-json\/wp\/v2\/comments?post=57485"}],"version-history":[{"count":1,"href":"https:\/\/www.actualidadadiario.com\/index.php\/wp-json\/wp\/v2\/posts\/57485\/revisions"}],"predecessor-version":[{"id":57487,"href":"https:\/\/www.actualidadadiario.com\/index.php\/wp-json\/wp\/v2\/posts\/57485\/revisions\/57487"}],"wp:featuredmedia":[{"embeddable":true,"href":"https:\/\/www.actualidadadiario.com\/index.php\/wp-json\/wp\/v2\/media\/57486"}],"wp:attachment":[{"href":"https:\/\/www.actualidadadiario.com\/index.php\/wp-json\/wp\/v2\/media?parent=57485"}],"wp:term":[{"taxonomy":"category","embeddable":true,"href":"https:\/\/www.actualidadadiario.com\/index.php\/wp-json\/wp\/v2\/categories?post=57485"},{"taxonomy":"post_tag","embeddable":true,"href":"https:\/\/www.actualidadadiario.com\/index.php\/wp-json\/wp\/v2\/tags?post=57485"}],"curies":[{"name":"wp","href":"https:\/\/api.w.org\/{rel}","templated":true}]}}