{"id":57482,"date":"2020-02-06T12:31:54","date_gmt":"2020-02-06T15:31:54","guid":{"rendered":"https:\/\/www.actualidadadiario.com\/?p=57482"},"modified":"2020-02-06T12:31:54","modified_gmt":"2020-02-06T15:31:54","slug":"las-taser-que-compro-bullrich-nunca-llegaron-al-pais","status":"publish","type":"post","link":"https:\/\/www.actualidadadiario.com\/index.php\/2020\/02\/06\/las-taser-que-compro-bullrich-nunca-llegaron-al-pais\/","title":{"rendered":"Las Taser que compr\u00f3 Bullrich nunca llegaron al pa\u00eds"},"content":{"rendered":"<p style=\"text-align: center;\"><em><strong>Fueron adquiridas en julio. El actual gobierno derog\u00f3 el uso de estas pistolas para la Polic\u00eda Federal y Aeroportuaria, por lo que ser\u00e1n reubicadas entre otras fuerzas<\/strong><\/em><\/p>\n<p>&nbsp;<\/p>\n<p>&nbsp;<\/p>\n<p>Las 100 pistolas Taser que hab\u00eda comprado el Ministerio de Seguridad en julio, durante la gesti\u00f3n de Patricia Bullrich, todav\u00eda no llegaron a Argentina y no hay una fecha de entrega concreta. El gobierno de Alberto Fern\u00e1ndez derog\u00f3 el protocolo para que este tipo de armas sean utilizadas por la Polic\u00eda Federal y Aeroportuaria en lugares p\u00fablicos, por lo que al arribar ser\u00e1n reubicadas entre otras fuerzas.<\/p>\n<p>Las armas el\u00e9ctricas de &#8220;incapacitaci\u00f3n temporaria&#8221; fueron compradas por la administraci\u00f3n del expresidente Mauricio Macri por 86.200 d\u00f3lares (862 d\u00f3lares cada una), que a cotizaci\u00f3n de hoy son 7.068.400 pesos. Adem\u00e1s, se adquirieron cartuchos para esas armas por 36.800 d\u00f3lares, un total de 3.017.600 pesos.<\/p>\n<p>El 22 de julio pasado, Bullrich asegur\u00f3 que a partir de septiembre iban a estar en funcionamiento en las fuerzas de seguridad las pistolas Taser compradas por licitaci\u00f3n a una empresa de Estados Unidos.<\/p>\n<p>Incluso, la nueva presidenta del PRO anunci\u00f3 que en su momento algunos efectivos ya hab\u00edan comenzado a realizar pr\u00e1cticas de manejo del arma con quince Taser que hab\u00edan sido cedidas a pr\u00e9stamo por la provincia de Mendoza. Sin embargo, siete meses despu\u00e9s, los dispositivos no llegaron a la Argentina y no se sabe cu\u00e1l es la fecha exacta de entrega.<\/p>\n<p>Fuentes del Ministerio de Seguridad que desde diciembre conduce Sabina Frederic se\u00f1alaron a la agencia Noticias Argentinas que el arribo de las pistolas no tiene una fecha prevista, pero &#8220;se espera que lleguen&#8221; en las pr\u00f3ximas semanas.<\/p>\n<p>La idea de Bullrich era que los efectivos de las Polic\u00edas Federal y Aeroportuaria utilizaran las Taser en terminales ferroviarias y a\u00e9reas para controlar situaciones sin recurrir a armas letales, algo que hab\u00eda generado pol\u00e9mica y el rechazo de los organismos de derechos humanos.<\/p>\n<p>Pero, al asumir, el gobierno del Frente de Todos derog\u00f3 el 24 de diciembre \u00faltimo el protocolo de uso de este tipo de armas, por lo que cuando lleguen al pa\u00eds no ser\u00e1n utilizadas para el objetivo original que ten\u00eda la exministra.<\/p>\n<p>Las 100 armas el\u00e9ctricas ser\u00e1n destinadas al uso de las fuerzas especiales (Albatros de Prefectura, Alacr\u00e1n de Gendarmer\u00eda y GEOF de Polic\u00eda Federal), que ya cuentan con este tipo de pistolas para casos complejos como secuestros y toma de rehenes, entre otros.<\/p>\n","protected":false},"excerpt":{"rendered":"<p>Fueron adquiridas en julio. El actual gobierno derog\u00f3 el uso de estas pistolas para la Polic\u00eda Federal y Aeroportuaria, por lo que ser\u00e1n reubicadas entre otras fuerzas &nbsp; &nbsp; Las 100 pistolas Taser que hab\u00eda comprado el Ministerio de Seguridad en julio, durante la gesti\u00f3n de Patricia Bullrich, todav\u00eda no llegaron a Argentina y no hay una fecha de entrega concreta. El gobierno de Alberto Fern\u00e1ndez derog\u00f3 el protocolo para que este tipo de armas sean utilizadas por la Polic\u00eda Federal y Aeroportuaria en lugares p\u00fablicos, por lo que al&#8230;<\/p>\n","protected":false},"author":3,"featured_media":57483,"comment_status":"closed","ping_status":"closed","sticky":false,"template":"","format":"standard","meta":[],"categories":[18],"tags":[],"_links":{"self":[{"href":"https:\/\/www.actualidadadiario.com\/index.php\/wp-json\/wp\/v2\/posts\/57482"}],"collection":[{"href":"https:\/\/www.actualidadadiario.com\/index.php\/wp-json\/wp\/v2\/posts"}],"about":[{"href":"https:\/\/www.actualidadadiario.com\/index.php\/wp-json\/wp\/v2\/types\/post"}],"author":[{"embeddable":true,"href":"https:\/\/www.actualidadadiario.com\/index.php\/wp-json\/wp\/v2\/users\/3"}],"replies":[{"embeddable":true,"href":"https:\/\/www.actualidadadiario.com\/index.php\/wp-json\/wp\/v2\/comments?post=57482"}],"version-history":[{"count":1,"href":"https:\/\/www.actualidadadiario.com\/index.php\/wp-json\/wp\/v2\/posts\/57482\/revisions"}],"predecessor-version":[{"id":57484,"href":"https:\/\/www.actualidadadiario.com\/index.php\/wp-json\/wp\/v2\/posts\/57482\/revisions\/57484"}],"wp:featuredmedia":[{"embeddable":true,"href":"https:\/\/www.actualidadadiario.com\/index.php\/wp-json\/wp\/v2\/media\/57483"}],"wp:attachment":[{"href":"https:\/\/www.actualidadadiario.com\/index.php\/wp-json\/wp\/v2\/media?parent=57482"}],"wp:term":[{"taxonomy":"category","embeddable":true,"href":"https:\/\/www.actualidadadiario.com\/index.php\/wp-json\/wp\/v2\/categories?post=57482"},{"taxonomy":"post_tag","embeddable":true,"href":"https:\/\/www.actualidadadiario.com\/index.php\/wp-json\/wp\/v2\/tags?post=57482"}],"curies":[{"name":"wp","href":"https:\/\/api.w.org\/{rel}","templated":true}]}}