{"id":57479,"date":"2020-02-06T12:31:09","date_gmt":"2020-02-06T15:31:09","guid":{"rendered":"https:\/\/www.actualidadadiario.com\/?p=57479"},"modified":"2020-02-06T12:31:09","modified_gmt":"2020-02-06T15:31:09","slug":"el-gobierno-buscara-garantizar-que-beneficiarios-de-planes-sociales-accedan-a-trabajo-y-salario-minimo","status":"publish","type":"post","link":"https:\/\/www.actualidadadiario.com\/index.php\/2020\/02\/06\/el-gobierno-buscara-garantizar-que-beneficiarios-de-planes-sociales-accedan-a-trabajo-y-salario-minimo\/","title":{"rendered":"El Gobierno buscar\u00e1 garantizar que beneficiarios de planes sociales accedan a trabajo y salario m\u00ednimo"},"content":{"rendered":"<p style=\"text-align: center;\"><em><strong>El objetivo oficial es que la Naci\u00f3n y las provincias trabajen en conjunto para asegurar que los trabajadores perciban en primera instancia un haber m\u00ednimo, vital y m\u00f3vil<\/strong><\/em><\/p>\n<p>&nbsp;<\/p>\n<p>&nbsp;<\/p>\n<p>El Gobierno de Alberto Fern\u00e1ndez prepara un nuevo programa de trabajo que garantice una prestaci\u00f3n y un salario m\u00ednimo, vital y m\u00f3vil a todos los beneficiarios de planes sociales del pa\u00eds.<\/p>\n<p>La iniciativa, que planea ser lanzada a fines de febrero, fue confirmada por el secretario de Econom\u00eda Social de la Naci\u00f3n, Emilio P\u00e9rsico, a un grupo de legisladores e intendentes de la provincia de Corrientes que visitaron Buenos Aires, seg\u00fan consign\u00f3 NA.<\/p>\n<p>&#8220;Despu\u00e9s del 20 de febrero, el Gobierno quiere poner en marcha una nueva modalidad de planes sociales para que las personas que reciben puedan tener garantizado un trabajo como contraprestaci\u00f3n y un salario m\u00ednimo&#8221;, explic\u00f3 el diputado provincial Miguel Arias tras el encuentro con P\u00e9rsico.<\/p>\n<p>Agreg\u00f3 que la Naci\u00f3n va a implementar un nuevo sistema por el cual las personas que reciban un plan social, en el marco de una pol\u00edtica de seguridad social, tendr\u00e1n un trabajo.<\/p>\n<p>El salario m\u00ednimo se va a conformar en un 50% con recursos de la Naci\u00f3n y la otra mitad deber\u00e1n completar las Provincias, los Municipios o las instituciones donde los beneficiarios cumplan una tarea laboral, agreg\u00f3 Arias.<\/p>\n<p>El proyecto est\u00e1 siendo elaborada por los ministros de Trabajo, Claudio Moroni; de Desarrollo Productivo, Mat\u00edas Kulfas; de Desarrollo Social, Daniel Arroyo; el secretario de Econom\u00eda Social de la Naci\u00f3n, Emilio P\u00e9rsico; y el subsecretario de Promoci\u00f3n de la Econom\u00eda Social, Daniel Men\u00e9ndez.<\/p>\n<p>Del encuentro tambi\u00e9n participaron los intendentes Ra\u00fal Rulo Hadad (San Roque), Vilma Ojeda (San Isidro), Fabiana Acevedo (Mantilla), el diputado justicialista, C\u00e9sar Acevedo, entre otros dirigentes correntinos.<\/p>\n","protected":false},"excerpt":{"rendered":"<p>El objetivo oficial es que la Naci\u00f3n y las provincias trabajen en conjunto para asegurar que los trabajadores perciban en primera instancia un haber m\u00ednimo, vital y m\u00f3vil &nbsp; &nbsp; El Gobierno de Alberto Fern\u00e1ndez prepara un nuevo programa de trabajo que garantice una prestaci\u00f3n y un salario m\u00ednimo, vital y m\u00f3vil a todos los beneficiarios de planes sociales del pa\u00eds. La iniciativa, que planea ser lanzada a fines de febrero, fue confirmada por el secretario de Econom\u00eda Social de la Naci\u00f3n, Emilio P\u00e9rsico, a un grupo de legisladores e&#8230;<\/p>\n","protected":false},"author":3,"featured_media":57480,"comment_status":"closed","ping_status":"closed","sticky":false,"template":"","format":"standard","meta":[],"categories":[18],"tags":[],"_links":{"self":[{"href":"https:\/\/www.actualidadadiario.com\/index.php\/wp-json\/wp\/v2\/posts\/57479"}],"collection":[{"href":"https:\/\/www.actualidadadiario.com\/index.php\/wp-json\/wp\/v2\/posts"}],"about":[{"href":"https:\/\/www.actualidadadiario.com\/index.php\/wp-json\/wp\/v2\/types\/post"}],"author":[{"embeddable":true,"href":"https:\/\/www.actualidadadiario.com\/index.php\/wp-json\/wp\/v2\/users\/3"}],"replies":[{"embeddable":true,"href":"https:\/\/www.actualidadadiario.com\/index.php\/wp-json\/wp\/v2\/comments?post=57479"}],"version-history":[{"count":1,"href":"https:\/\/www.actualidadadiario.com\/index.php\/wp-json\/wp\/v2\/posts\/57479\/revisions"}],"predecessor-version":[{"id":57481,"href":"https:\/\/www.actualidadadiario.com\/index.php\/wp-json\/wp\/v2\/posts\/57479\/revisions\/57481"}],"wp:featuredmedia":[{"embeddable":true,"href":"https:\/\/www.actualidadadiario.com\/index.php\/wp-json\/wp\/v2\/media\/57480"}],"wp:attachment":[{"href":"https:\/\/www.actualidadadiario.com\/index.php\/wp-json\/wp\/v2\/media?parent=57479"}],"wp:term":[{"taxonomy":"category","embeddable":true,"href":"https:\/\/www.actualidadadiario.com\/index.php\/wp-json\/wp\/v2\/categories?post=57479"},{"taxonomy":"post_tag","embeddable":true,"href":"https:\/\/www.actualidadadiario.com\/index.php\/wp-json\/wp\/v2\/tags?post=57479"}],"curies":[{"name":"wp","href":"https:\/\/api.w.org\/{rel}","templated":true}]}}