{"id":57476,"date":"2020-02-06T12:30:19","date_gmt":"2020-02-06T15:30:19","guid":{"rendered":"https:\/\/www.actualidadadiario.com\/?p=57476"},"modified":"2020-02-06T12:30:19","modified_gmt":"2020-02-06T15:30:19","slug":"alberto-concluye-su-gira-europea-con-senales-de-respaldo-del-gobierno-frances","status":"publish","type":"post","link":"https:\/\/www.actualidadadiario.com\/index.php\/2020\/02\/06\/alberto-concluye-su-gira-europea-con-senales-de-respaldo-del-gobierno-frances\/","title":{"rendered":"Alberto concluye su gira europea con se\u00f1ales de respaldo del gobierno franc\u00e9s"},"content":{"rendered":"<p style=\"text-align: center;\"><em><strong>El presidente Alberto Fern\u00e1ndez se reuni\u00f3 en Par\u00eds con su par de Francia, Emmanuel Macron, quien afirm\u00f3 que &#8220;acompa\u00f1ar\u00e1 y se movilizar\u00e1 con el FMI para ayudar a la Argentina&#8221;. El encuentro se llev\u00f3 a cabo en el Palacio del El\u00edseo, en el cierre de la gira europea que llev\u00f3 al jefe de Estado a lograr el apoyo del Vaticano, Italia, Alemania, Espa\u00f1a y ahora Francia en el planteo para una renegociaci\u00f3n de la deuda con el Fondo Monetario Internacional (FMI)<\/strong><\/em><\/p>\n<p>&nbsp;<\/p>\n<p>&#8220;Quisiera darle las gracias por haber venido a Europa poco tiempo despu\u00e9s de su toma de posesi\u00f3n. Estamos felices de recibirlo y de que nos visite. Francia acompa\u00f1ar\u00e1 y se movilizar\u00e1 con el Fondo Monetario Internacional y con otros socios para ayudar a Argentina a volver al camino del crecimiento de una deuda sostenible&#8221;, sostuvo el mandatario galo.<\/p>\n<p>Al recibirlo en la tradicional sede del Gobierno franc\u00e9s, Macron agreg\u00f3: &#8220;La situaci\u00f3n econ\u00f3mica de su pa\u00eds es un tema de preocupaci\u00f3n, pero tambi\u00e9n de movilizaci\u00f3n. Siempre hemos apoyado los esfuerzos de estabilizaci\u00f3n de la econom\u00eda, de integraci\u00f3n en la comunidad financiera internacional y seguiremos haci\u00e9ndolo&#8221;.<\/p>\n<p>En tanto, Alberto Fern\u00e1ndez celebr\u00f3 que el l\u00edder europeo &#8220;exprese su apoyo ante el FMI&#8221;, ya que remarc\u00f3 que &#8220;resolver el tema de la deuda es una condici\u00f3n necesaria para poder crecer&#8221;.<\/p>\n<p>&#8220;Me da una enorme alegr\u00eda que antes de que empecemos a hablarlo, usted exprese su apoyo ante el FMI, para nosotros es muy importante. Resolver el tema de la deuda es una condici\u00f3n necesaria para poder crecer. El Fondo Monetario tiene que saber escucharnos y ayudarnos&#8221;, destac\u00f3 el Presidente.<\/p>\n<p>De esta manera, el jefe de Estado concluye su gira por Europa habiendo logrado el objetivo de que sus pares del Vaticano, el papa Francisco; de Italia, Giussepe Conte; de Alemania, Angela Merkel; de Espa\u00f1a, Pedro S\u00e1nchez; y de Francia, Emmanuel Macron, apoyen la intenci\u00f3n argentina de renegociar la deuda con el organismo multilateral de cr\u00e9dito. Esto sucedi\u00f3 mientras el ministro de Econom\u00eda, Mart\u00edn Guzm\u00e1n, tuvo su propia ronda de contactos que incluy\u00f3 una reuni\u00f3n con la directora gerenta del Fondo, Kristalina Georgieva.<\/p>\n<p>Alberto Fern\u00e1ndez tiene previsto arribar al Aeropuerto Internacional de Ezeiza ma\u00f1ana para volver a ponerse al frente del Poder Ejecutivo, que por 32 horas estar\u00e1 en manos de la presidenta provisional del Senado, Claudia Ledesma Abdala, ante el viaje a Cuba de la vicepresidenta, Cristina Kirchner.<\/p>\n","protected":false},"excerpt":{"rendered":"<p>El presidente Alberto Fern\u00e1ndez se reuni\u00f3 en Par\u00eds con su par de Francia, Emmanuel Macron, quien afirm\u00f3 que &#8220;acompa\u00f1ar\u00e1 y se movilizar\u00e1 con el FMI para ayudar a la Argentina&#8221;. El encuentro se llev\u00f3 a cabo en el Palacio del El\u00edseo, en el cierre de la gira europea que llev\u00f3 al jefe de Estado a lograr el apoyo del Vaticano, Italia, Alemania, Espa\u00f1a y ahora Francia en el planteo para una renegociaci\u00f3n de la deuda con el Fondo Monetario Internacional (FMI) &nbsp; &#8220;Quisiera darle las gracias por haber venido a&#8230;<\/p>\n","protected":false},"author":3,"featured_media":57477,"comment_status":"closed","ping_status":"closed","sticky":false,"template":"","format":"standard","meta":[],"categories":[18],"tags":[],"_links":{"self":[{"href":"https:\/\/www.actualidadadiario.com\/index.php\/wp-json\/wp\/v2\/posts\/57476"}],"collection":[{"href":"https:\/\/www.actualidadadiario.com\/index.php\/wp-json\/wp\/v2\/posts"}],"about":[{"href":"https:\/\/www.actualidadadiario.com\/index.php\/wp-json\/wp\/v2\/types\/post"}],"author":[{"embeddable":true,"href":"https:\/\/www.actualidadadiario.com\/index.php\/wp-json\/wp\/v2\/users\/3"}],"replies":[{"embeddable":true,"href":"https:\/\/www.actualidadadiario.com\/index.php\/wp-json\/wp\/v2\/comments?post=57476"}],"version-history":[{"count":1,"href":"https:\/\/www.actualidadadiario.com\/index.php\/wp-json\/wp\/v2\/posts\/57476\/revisions"}],"predecessor-version":[{"id":57478,"href":"https:\/\/www.actualidadadiario.com\/index.php\/wp-json\/wp\/v2\/posts\/57476\/revisions\/57478"}],"wp:featuredmedia":[{"embeddable":true,"href":"https:\/\/www.actualidadadiario.com\/index.php\/wp-json\/wp\/v2\/media\/57477"}],"wp:attachment":[{"href":"https:\/\/www.actualidadadiario.com\/index.php\/wp-json\/wp\/v2\/media?parent=57476"}],"wp:term":[{"taxonomy":"category","embeddable":true,"href":"https:\/\/www.actualidadadiario.com\/index.php\/wp-json\/wp\/v2\/categories?post=57476"},{"taxonomy":"post_tag","embeddable":true,"href":"https:\/\/www.actualidadadiario.com\/index.php\/wp-json\/wp\/v2\/tags?post=57476"}],"curies":[{"name":"wp","href":"https:\/\/api.w.org\/{rel}","templated":true}]}}