{"id":57474,"date":"2020-02-06T12:29:33","date_gmt":"2020-02-06T15:29:33","guid":{"rendered":"https:\/\/www.actualidadadiario.com\/?p=57474"},"modified":"2020-02-06T12:29:33","modified_gmt":"2020-02-06T15:29:33","slug":"alberto-anuncio-que-enviara-una-ley-que-termine-con-la-penalizacion-del-aborto","status":"publish","type":"post","link":"https:\/\/www.actualidadadiario.com\/index.php\/2020\/02\/06\/alberto-anuncio-que-enviara-una-ley-que-termine-con-la-penalizacion-del-aborto\/","title":{"rendered":"Alberto anunci\u00f3 que enviar\u00e1 una ley que termine con la penalizaci\u00f3n del aborto"},"content":{"rendered":"<p style=\"text-align: center;\"><em><strong>\u201cNo vivo en paz con mi conciencia sabiendo que una mujer tal vez necesita practicarse un aborto\u201d, dijo el presidente argentino en la conferencia magistral que brind\u00f3 ante estudiantes durante su gira por Francia<\/strong><\/em><\/p>\n<p>&nbsp;<\/p>\n<p>&nbsp;<\/p>\n<p>El presidente Alberto Fern\u00e1ndez adelant\u00f3 que enviar\u00e1 al Congreso \u201cuna ley que termine con la penalizaci\u00f3n del aborto\u201d y advirti\u00f3 que se trata \u201cde un tema que debemos resolver desde la salud p\u00fablica\u201d, al responder preguntas de estudiantes del Instituto de Estudios Pol\u00edticos de Par\u00eds, donde brind\u00f3 una conferencia magistral como parte de su gira por Europa.<\/p>\n<p>\u201cEn la Argentina el aborto es un delito. Es un extra\u00f1o delito en los que casi nunca se condena a ninguna mujer por aborto, pero sabemos que existe\u201d, sostuvo el jefe de Estado.<\/p>\n<p>Adem\u00e1s, remarc\u00f3 que \u201cel problema es que en Argentina todo aborto es clandestino\u201d. En ese sentido, manifest\u00f3 que \u201cel problema es m\u00e1s agudo si la clase social es m\u00e1s baja. Si es pobre, toda su vida corre peligro\u201d.<\/p>\n<p>Fern\u00e1ndez expres\u00f3 asimismo que la mujer que interrumpe el embarazo \u201csi es de clase alta, seguro ser\u00e1 en condiciones de asepsia adecuado y su salud estar\u00e1 garantizada\u201d, pero advirti\u00f3 que \u201csi estamos en presencia de una mujer sin recursos, su vida estar\u00e1 en riesgo\u201d.<\/p>\n<p>El jefe de Estado expres\u00f3 que \u201chay quien siente que si legalizamos, es obligatorio\u201d y aclar\u00f3 a continuaci\u00f3n: \u201cno es obligatorio para nadie, es un tema que debemos resolver desde la salud p\u00fablica, porque no podemos poner en riesgo la vida de la mujer que decide abortar\u201d.<\/p>\n<p>\u201cNo vivo en paz con mi conciencia sabiendo que una mujer tal vez necesita practicarse un aborto, no tiene las condiciones econ\u00f3micas para pagarlo y termina en manos de un curandero que con una aguja la termina lastimando y a veces matando\u201d, destac\u00f3.<\/p>\n<p>En ese marco, el presidente anunci\u00f3: \u201cvoy a mandar una ley que termine con la penalizaci\u00f3n del aborto y permita la atenci\u00f3n de cualquier aborto en los centros de salud p\u00fablica\u201d, tras lo cual fue ovacionado por el auditorio y las personas que segu\u00edan la conferencia desde una galer\u00eda en el piso superior.<\/p>\n<p>Por otra parte, expres\u00f3 que la \u201cdiscusi\u00f3n del aborto es parte de una discusi\u00f3n hip\u00f3crita\u201d y compar\u00f3 el debate sobre la interrupci\u00f3n legal de embarazo con el que se dio en el pa\u00eds antes de la sanci\u00f3n del divorcio vincular, en junio de 1987.<\/p>\n<p>\u201cYo era chiquito, mi mam\u00e1 era divorciada, viv\u00eda con Carlos, era divorciado. Nunca se pudieron casar. Mi mam\u00e1 estaba atormentada. Me dec\u00eda \u2018estoy casada v\u00eda M\u00e9xico\u2019. Para la ley argentina no serv\u00eda\u201d, cont\u00f3.<\/p>\n<p>El jefe de Estado record\u00f3 que el fallecido ex presidente (Ra\u00fal) \u201cAlfons\u00edn propuso legalizar el divorcio vincular y permitir un segundo matrimonio. Fue un debate insufrible\u201d y relat\u00f3 que, entonces, \u201cmi mam\u00e1 y Carlos se casaron y los tres hijos fuimos testigos del matrimonio\u201d.<\/p>\n<p>\u201cY yo me pregunt\u00e9 para qu\u00e9 discutimos veinte a\u00f1os eso\u201d, concluy\u00f3.<\/p>\n","protected":false},"excerpt":{"rendered":"<p>\u201cNo vivo en paz con mi conciencia sabiendo que una mujer tal vez necesita practicarse un aborto\u201d, dijo el presidente argentino en la conferencia magistral que brind\u00f3 ante estudiantes durante su gira por Francia &nbsp; &nbsp; El presidente Alberto Fern\u00e1ndez adelant\u00f3 que enviar\u00e1 al Congreso \u201cuna ley que termine con la penalizaci\u00f3n del aborto\u201d y advirti\u00f3 que se trata \u201cde un tema que debemos resolver desde la salud p\u00fablica\u201d, al responder preguntas de estudiantes del Instituto de Estudios Pol\u00edticos de Par\u00eds, donde brind\u00f3 una conferencia magistral como parte de su&#8230;<\/p>\n","protected":false},"author":3,"featured_media":34967,"comment_status":"closed","ping_status":"closed","sticky":false,"template":"","format":"standard","meta":[],"categories":[9],"tags":[],"_links":{"self":[{"href":"https:\/\/www.actualidadadiario.com\/index.php\/wp-json\/wp\/v2\/posts\/57474"}],"collection":[{"href":"https:\/\/www.actualidadadiario.com\/index.php\/wp-json\/wp\/v2\/posts"}],"about":[{"href":"https:\/\/www.actualidadadiario.com\/index.php\/wp-json\/wp\/v2\/types\/post"}],"author":[{"embeddable":true,"href":"https:\/\/www.actualidadadiario.com\/index.php\/wp-json\/wp\/v2\/users\/3"}],"replies":[{"embeddable":true,"href":"https:\/\/www.actualidadadiario.com\/index.php\/wp-json\/wp\/v2\/comments?post=57474"}],"version-history":[{"count":1,"href":"https:\/\/www.actualidadadiario.com\/index.php\/wp-json\/wp\/v2\/posts\/57474\/revisions"}],"predecessor-version":[{"id":57475,"href":"https:\/\/www.actualidadadiario.com\/index.php\/wp-json\/wp\/v2\/posts\/57474\/revisions\/57475"}],"wp:featuredmedia":[{"embeddable":true,"href":"https:\/\/www.actualidadadiario.com\/index.php\/wp-json\/wp\/v2\/media\/34967"}],"wp:attachment":[{"href":"https:\/\/www.actualidadadiario.com\/index.php\/wp-json\/wp\/v2\/media?parent=57474"}],"wp:term":[{"taxonomy":"category","embeddable":true,"href":"https:\/\/www.actualidadadiario.com\/index.php\/wp-json\/wp\/v2\/categories?post=57474"},{"taxonomy":"post_tag","embeddable":true,"href":"https:\/\/www.actualidadadiario.com\/index.php\/wp-json\/wp\/v2\/tags?post=57474"}],"curies":[{"name":"wp","href":"https:\/\/api.w.org\/{rel}","templated":true}]}}