{"id":57465,"date":"2020-02-06T12:26:24","date_gmt":"2020-02-06T15:26:24","guid":{"rendered":"https:\/\/www.actualidadadiario.com\/?p=57465"},"modified":"2020-02-06T12:26:24","modified_gmt":"2020-02-06T15:26:24","slug":"el-papa-hablo-de-la-deuda-y-le-hizo-un-guino-al-gobierno-argentino","status":"publish","type":"post","link":"https:\/\/www.actualidadadiario.com\/index.php\/2020\/02\/06\/el-papa-hablo-de-la-deuda-y-le-hizo-un-guino-al-gobierno-argentino\/","title":{"rendered":"El Papa habl\u00f3 de la deuda y le hizo un gui\u00f1o al Gobierno argentino"},"content":{"rendered":"<p style=\"text-align: center;\"><em><strong>El Papa Francisco dio ayer una se\u00f1al de apoyo a la estrategia argentina para reestructurar su deuda externa al pedir ante las m\u00e1ximas autoridades del Fondo Monetario Internacional que no se le exija a los pa\u00edses que salden sus pasivos con &#8220;sacrificios insoportables&#8221; para sus pueblos<\/strong><\/em><\/p>\n<p>&nbsp;<\/p>\n<p>Francisco disert\u00f3 en un seminario organizado por el Vaticano, del que participaron el ministro de Econom\u00eda, Mart\u00edn Guzm\u00e1n, y la directora gerenta del organismo, Kristalina Georgieva. Dijo que la deuda puede da\u00f1ar el tejido social cuando se orienta a la especulaci\u00f3n.<\/p>\n<p>As\u00ed, cit\u00f3 a Juan Pablo II: &#8220;Es justo el principio de que las deudas deben ser pagadas. No es l\u00edcito en cambio exigir su pago cuando este vendr\u00eda a imponer de hecho opciones pol\u00edticas tales que llevaran al hambre y a la desesperaci\u00f3n a poblaciones enteras. No se puede pretender que las deudas contra\u00eddas sean pagadas con sacrificios insoportables. Es necesario encontrar modalidades de reducci\u00f3n, dilaci\u00f3n o extinci\u00f3n de la deuda compatibles con el derecho fundamental de los pueblos a la subsistencia y al progreso&#8221;.<\/p>\n<p>&nbsp;<\/p>\n<p><strong>Apoyo del FMI<\/strong><\/p>\n<p>La directora gerenta del FMI, Kristalina Georgieva, habl\u00f3 ayer en el seminario econ\u00f3mico organizado por el Vaticano, del que particip\u00f3 el ministro de Econom\u00eda, Mart\u00edn Guzm\u00e1n. All\u00ed, dijo que Argentina tiene que avanzar a una reestructuraci\u00f3n de la deuda con \u201csustentabilidad e inclusi\u00f3n\u201d. Adem\u00e1s, apunt\u00f3 a que el mundo tiene que avanzar hacia una \u201ceconom\u00eda al servicio de las personas\u201d. El martes, Guzm\u00e1n y Georgieva tuvieron su primer encuentro en Roma.<\/p>\n","protected":false},"excerpt":{"rendered":"<p>El Papa Francisco dio ayer una se\u00f1al de apoyo a la estrategia argentina para reestructurar su deuda externa al pedir ante las m\u00e1ximas autoridades del Fondo Monetario Internacional que no se le exija a los pa\u00edses que salden sus pasivos con &#8220;sacrificios insoportables&#8221; para sus pueblos &nbsp; Francisco disert\u00f3 en un seminario organizado por el Vaticano, del que participaron el ministro de Econom\u00eda, Mart\u00edn Guzm\u00e1n, y la directora gerenta del organismo, Kristalina Georgieva. Dijo que la deuda puede da\u00f1ar el tejido social cuando se orienta a la especulaci\u00f3n. As\u00ed, cit\u00f3&#8230;<\/p>\n","protected":false},"author":3,"featured_media":57466,"comment_status":"closed","ping_status":"closed","sticky":false,"template":"","format":"standard","meta":[],"categories":[9],"tags":[],"_links":{"self":[{"href":"https:\/\/www.actualidadadiario.com\/index.php\/wp-json\/wp\/v2\/posts\/57465"}],"collection":[{"href":"https:\/\/www.actualidadadiario.com\/index.php\/wp-json\/wp\/v2\/posts"}],"about":[{"href":"https:\/\/www.actualidadadiario.com\/index.php\/wp-json\/wp\/v2\/types\/post"}],"author":[{"embeddable":true,"href":"https:\/\/www.actualidadadiario.com\/index.php\/wp-json\/wp\/v2\/users\/3"}],"replies":[{"embeddable":true,"href":"https:\/\/www.actualidadadiario.com\/index.php\/wp-json\/wp\/v2\/comments?post=57465"}],"version-history":[{"count":1,"href":"https:\/\/www.actualidadadiario.com\/index.php\/wp-json\/wp\/v2\/posts\/57465\/revisions"}],"predecessor-version":[{"id":57467,"href":"https:\/\/www.actualidadadiario.com\/index.php\/wp-json\/wp\/v2\/posts\/57465\/revisions\/57467"}],"wp:featuredmedia":[{"embeddable":true,"href":"https:\/\/www.actualidadadiario.com\/index.php\/wp-json\/wp\/v2\/media\/57466"}],"wp:attachment":[{"href":"https:\/\/www.actualidadadiario.com\/index.php\/wp-json\/wp\/v2\/media?parent=57465"}],"wp:term":[{"taxonomy":"category","embeddable":true,"href":"https:\/\/www.actualidadadiario.com\/index.php\/wp-json\/wp\/v2\/categories?post=57465"},{"taxonomy":"post_tag","embeddable":true,"href":"https:\/\/www.actualidadadiario.com\/index.php\/wp-json\/wp\/v2\/tags?post=57465"}],"curies":[{"name":"wp","href":"https:\/\/api.w.org\/{rel}","templated":true}]}}