{"id":57463,"date":"2020-02-06T12:18:40","date_gmt":"2020-02-06T15:18:40","guid":{"rendered":"https:\/\/www.actualidadadiario.com\/?p=57463"},"modified":"2020-02-06T12:18:40","modified_gmt":"2020-02-06T15:18:40","slug":"los-precios-no-frenan-pero-desaceleran","status":"publish","type":"post","link":"https:\/\/www.actualidadadiario.com\/index.php\/2020\/02\/06\/los-precios-no-frenan-pero-desaceleran\/","title":{"rendered":"Los precios no frenan, pero desaceleran"},"content":{"rendered":"<p style=\"text-align: center;\"><em><strong>Estabilidad cambiaria y congelamiento de tarifas de un lado. Regreso del IVA y salida de productos de Precios Cuidados, por otro. Bruscos reacomodamientos\u00a0 de hasta el 60%. Acuerdos y controles reci\u00e9n empiezan a jugar<\/strong><\/em><\/p>\n<p>&nbsp;<\/p>\n<p>&nbsp;<\/p>\n<p>La inflaci\u00f3n de enero muestra cierta desaceleraci\u00f3n con respecto a los meses anteriores, pero contin\u00faa siendo elevada, en un contexto de estabilidad cambiaria y congelamiento de tarifas y naftas. Las consultoras privadas consideran que el \u00edndice de precios al consumidor de enero fue de alrededor del 3 por ciento, impulsada por el turismo y los alimentos. Algunos productos de segundas marcas que salieron del anterior listado de Precios Cuidados subieron hasta 60 por ciento, mientras que las categor\u00edas en las que volvi\u00f3 el IVA del 21 por ciento registraron subas de m\u00e1s del 30 por ciento. El dato oficial del Indec se publicar\u00e1 el jueves 13 de febrero.<\/p>\n<p>Analistas econ\u00f3micos destacan la dificultad de contener la inercia inflacionaria, luego de que el 2019 culminara con una cifra r\u00e9cord de 53,8 por ciento. El relevamiento de estimaciones macroecon\u00f3micas del Banco Central arroj\u00f3 un promedi\u00f3 de pron\u00f3sticos del 42,2 por ciento de inflaci\u00f3n esperada para el 2020, lo cual refleja la apreciaci\u00f3n de una reducci\u00f3n moderada del alza de precios, pero no una derrota del fen\u00f3meno.<\/p>\n<p>&nbsp;<\/p>\n<p><strong>Mediciones privadas<\/strong><\/p>\n<p>La inflaci\u00f3n en el primer mes del a\u00f1o fue de 3,1 por ciento, seg\u00fan la consultora del economista Orlando Ferreres. Seg\u00fan sus mediciones, lider\u00f3 las subas el rubro esparcimiento con un 5,2 por ciento, por el aumento de turismo. Transporte creci\u00f3 4,2 por ciento por el incremento en los taxis. Alimentos y bebidas aument\u00f3 3,8 por ciento y aport\u00f3 1,3 puntos porcentuales al nivel general, debido a subas significativas en carnes, cereales y derivados. Otro rubro que registr\u00f3 una din\u00e1mica por encima del nivel general fue indumentaria, que mostr\u00f3 una variaci\u00f3n del 4 por ciento. La divisi\u00f3n de salud evidenci\u00f3 un retroceso del 0,8 por ciento, por el impacto de la baja en los precios de los medicamentos.<\/p>\n<p>Para la consultora Elypsis, la inflaci\u00f3n del primer mes del a\u00f1o habr\u00eda cerrado en 3,2 por ciento. \u201cLa estabilidad del d\u00f3lar y el congelamiento de las tarifas de servicios p\u00fablicos fueron el principal freno al aumento de precios\u201d, asegura su informe. En alimentos y bebidas, midieron un aumento del 2,9 por ciento, por debajo de las cifras que arroja como nivel general. Elypsis mide c\u00f3mo se dan las variaciones en forma semanal y observ\u00f3 que la inflaci\u00f3n de los \u00faltimos 7 d\u00edas de enero fue la m\u00e1s baja desde julio de 2019, antes de la volatilidad cambiaria y financiera que comenz\u00f3 en agosto pasado.<\/p>\n<p>Fuentes de comercios mayoristas y almacenes barriales dijeron a este diario que los alimentos de la canasta b\u00e1sica que registraron mayores subas fueron el aceite, la harina y la az\u00facar, con alzas por encima del 30 por ciento. Esto se dio tras la culminaci\u00f3n del programa de IVA cero, que termin\u00f3 el 31 de diciembre, por lo que los productores subieron m\u00e1s que el 21 por ciento del IVA. Adem\u00e1s, hubo algunos productos que registraron fuertes subas luego de dejar de pertenecer al listado de Precios Cuidados, tras el relanzamiento que se hizo el 7 de enero. El arroz Parboil de un kilo pas\u00f3 de 48 a 68 pesos, con\u00a0 una suba del 40 por ciento en un mes. El caf\u00e9 en saquitos de Bonafide, de 100 a 159 pesos la caja, con un alza de 58 por ciento. La mermelada La Campagnola pas\u00f3 de 73 a 98 pesos, que representa una suba del 35 por ciento. El pur\u00e9 de tomate Arcor, de 31 a 42 pesos, un alza de 35 por ciento.<\/p>\n<p>As\u00ed surge de datos analizados por el Centro de Econom\u00eda Pol\u00edtica. Cabe aclarar que estos productos, si bien tuvieron estas considerables alzas entre diciembre y enero, hab\u00edan mantenido su precio entre septiembre y diciembre, al haber formado parte del listado de Precios Cuidados de aquel momento.<\/p>\n<p>&nbsp;<\/p>\n<p><strong>Precios de referencia<\/strong><\/p>\n<p>La primera herramienta en la que avanz\u00f3 el Gobierno fue el relanzamiento de Precios Cuidados. El ministro de Desarrollo Productivo, Mat\u00edas Kulfas, asegur\u00f3 que no se trata de una estrategia anti inflacionaria, sino que tiene como objetivo constituir precios de referencia, dado que en contextos inflacionarios hay fuertes dispersiones. \u201cDetectamos un buen cumplimiento y abastecimiento\u201d, asegur\u00f3 el ministro sobre el primer mes del programa, que se cumplir\u00e1 este viernes 7 de febrero. Para controlar que se cumpla, la Secretar\u00eda de Comercio Interior utiliza plataformas digitales y capacit\u00f3 inspectores, aunque apuntan a un \u201ccontrol ciudadano\u201d. En el primer mes la aplicaci\u00f3n tuvo 200.000 descargas y le agregar\u00e1n la posibilidad de que el consumidor califique a los comercios. Adem\u00e1s, desde el Gobierno esperan que en los pr\u00f3ximos d\u00edas tambi\u00e9n pueda haber Precios Cuidados en supermercados chinos, mayoristas y almacenes.<\/p>\n<p>Kulfas critic\u00f3 la pol\u00edtica monetaria de altas tasas de inter\u00e9s para contener la inflaci\u00f3n, que no s\u00f3lo no tuvo \u00e9xito, sino que gener\u00f3 una fuerte ca\u00edda en la actividad. Por lo que adelant\u00f3 que buscar\u00e1n nuevos mecanismos. Uno de ellos es la \u201cconcertaci\u00f3n social\u201d en el funcionamiento del mercado laboral. Otra estrategia son las reuniones sectoriales con empresas, para analizar las variables que provocan aumentos de costos en las distintas cadenas de producci\u00f3n. Adem\u00e1s, el gobierno impulsar\u00e1 la aprobaci\u00f3n de la Ley de G\u00f3ndolas, para que haya mayor variedad de marcas en los supermercados. En este sentido, el Ministerio de Desarrollo Productivo trabajar\u00e1 en programas de desarrollo de proveedores pymes para que tengan los precios y la calidad adecuada para ser parte de una nueva oferta de alimentos a nivel regional.<\/p>\n","protected":false},"excerpt":{"rendered":"<p>Estabilidad cambiaria y congelamiento de tarifas de un lado. Regreso del IVA y salida de productos de Precios Cuidados, por otro. Bruscos reacomodamientos\u00a0 de hasta el 60%. Acuerdos y controles reci\u00e9n empiezan a jugar &nbsp; &nbsp; La inflaci\u00f3n de enero muestra cierta desaceleraci\u00f3n con respecto a los meses anteriores, pero contin\u00faa siendo elevada, en un contexto de estabilidad cambiaria y congelamiento de tarifas y naftas. Las consultoras privadas consideran que el \u00edndice de precios al consumidor de enero fue de alrededor del 3 por ciento, impulsada por el turismo y&#8230;<\/p>\n","protected":false},"author":3,"featured_media":49612,"comment_status":"closed","ping_status":"closed","sticky":false,"template":"","format":"standard","meta":[],"categories":[2],"tags":[],"_links":{"self":[{"href":"https:\/\/www.actualidadadiario.com\/index.php\/wp-json\/wp\/v2\/posts\/57463"}],"collection":[{"href":"https:\/\/www.actualidadadiario.com\/index.php\/wp-json\/wp\/v2\/posts"}],"about":[{"href":"https:\/\/www.actualidadadiario.com\/index.php\/wp-json\/wp\/v2\/types\/post"}],"author":[{"embeddable":true,"href":"https:\/\/www.actualidadadiario.com\/index.php\/wp-json\/wp\/v2\/users\/3"}],"replies":[{"embeddable":true,"href":"https:\/\/www.actualidadadiario.com\/index.php\/wp-json\/wp\/v2\/comments?post=57463"}],"version-history":[{"count":1,"href":"https:\/\/www.actualidadadiario.com\/index.php\/wp-json\/wp\/v2\/posts\/57463\/revisions"}],"predecessor-version":[{"id":57464,"href":"https:\/\/www.actualidadadiario.com\/index.php\/wp-json\/wp\/v2\/posts\/57463\/revisions\/57464"}],"wp:featuredmedia":[{"embeddable":true,"href":"https:\/\/www.actualidadadiario.com\/index.php\/wp-json\/wp\/v2\/media\/49612"}],"wp:attachment":[{"href":"https:\/\/www.actualidadadiario.com\/index.php\/wp-json\/wp\/v2\/media?parent=57463"}],"wp:term":[{"taxonomy":"category","embeddable":true,"href":"https:\/\/www.actualidadadiario.com\/index.php\/wp-json\/wp\/v2\/categories?post=57463"},{"taxonomy":"post_tag","embeddable":true,"href":"https:\/\/www.actualidadadiario.com\/index.php\/wp-json\/wp\/v2\/tags?post=57463"}],"curies":[{"name":"wp","href":"https:\/\/api.w.org\/{rel}","templated":true}]}}