{"id":57460,"date":"2020-02-06T12:17:09","date_gmt":"2020-02-06T15:17:09","guid":{"rendered":"https:\/\/www.actualidadadiario.com\/?p=57460"},"modified":"2020-02-06T12:17:09","modified_gmt":"2020-02-06T15:17:09","slug":"la-agricultura-familiar-reclama-mas-espacios-en-la-lucha-contra-el-hambre","status":"publish","type":"post","link":"https:\/\/www.actualidadadiario.com\/index.php\/2020\/02\/06\/la-agricultura-familiar-reclama-mas-espacios-en-la-lucha-contra-el-hambre\/","title":{"rendered":"La agricultura familiar reclama m\u00e1s espacios en la lucha contra el hambre"},"content":{"rendered":"<p style=\"text-align: center;\"><em><strong>Representantes del sector de Agricultura familiar pidieron al Gobierno nacional una mayor participaci\u00f3n en el Plan Argentina contra el Hambre, con el objetivo de potenciar a este sector y darle mayor visibilidad. En un encuentro que se llev\u00f3 a cabo ayer en la sede porte\u00f1a de la Central de Trabajadores de la Argentina (CTA) y que cont\u00f3 con la presencia de organizaciones del sector, coincidieron en la necesidad de trabajar de manera conjunta. &#8220;No estamos incluidos como sector productivo, no contamos con infraestructura para producir mejor y no podemos comercializar&#8221;, se\u00f1al\u00f3 Miguel Fern\u00e1ndez, presidente de la Federaci\u00f3n de Organizaciones Nucleadas de la Agricultura Familiar (Fonaf)<\/strong><\/em><\/p>\n<p>&nbsp;<\/p>\n<p>En este punto, el directivo remarc\u00f3 que si bien el Gobierno dise\u00f1\u00f3 pol\u00edticas para facilitar el acceso a alimentos, dijo que tambi\u00e9n se deben contemplar medidas para fortalecer la producci\u00f3n local de alimentos, con acento en el sector de agricultura familiar. &#8220;El Plan Argentina contra el hambre constituye una gran oportunidad para desplegar el potencial de las econom\u00edas regionales&#8221;, se\u00f1al\u00f3.<\/p>\n<p>En contrapartida, hay sectores de la agroindustria, como el de la carne bovina, que ya dialogan con las autoridades nacionales para incluir este alimento en la Tarjeta Alimentaria. Hasta el momento, se est\u00e1 negociando un volumen mensual de 1,2 millones de kilos, que se distribuir\u00e1 en una red de carnicer\u00edas a confirmar y con un descuento de $100 por kilo.<\/p>\n<p>As\u00ed, sostuvo que el Estado debe proveer infraestructura para impulsar estas producciones, que de acuerdo a estad\u00edsticas del sector comprende a unas 250.000 familias en todo el territorio argentino y que trabajan en establecimientos de hasta 50 hect\u00e1reas de extensi\u00f3n. Fern\u00e1ndez explic\u00f3 que en el caso de producciones ganaderas, que pueden ser bovinas, caprinas y porcinas, entre otras, no cuentan con una estructura adecuada para trabajar. &#8220;No tenemos salas de faena y de esa manera no podemos industrializar nuestra producci\u00f3n, necesitamos que los organismos sanitarios est\u00e9n presentes&#8221;, afirm\u00f3.<\/p>\n","protected":false},"excerpt":{"rendered":"<p>Representantes del sector de Agricultura familiar pidieron al Gobierno nacional una mayor participaci\u00f3n en el Plan Argentina contra el Hambre, con el objetivo de potenciar a este sector y darle mayor visibilidad. En un encuentro que se llev\u00f3 a cabo ayer en la sede porte\u00f1a de la Central de Trabajadores de la Argentina (CTA) y que cont\u00f3 con la presencia de organizaciones del sector, coincidieron en la necesidad de trabajar de manera conjunta. &#8220;No estamos incluidos como sector productivo, no contamos con infraestructura para producir mejor y no podemos comercializar&#8221;,&#8230;<\/p>\n","protected":false},"author":3,"featured_media":57461,"comment_status":"closed","ping_status":"closed","sticky":false,"template":"","format":"standard","meta":[],"categories":[2],"tags":[],"_links":{"self":[{"href":"https:\/\/www.actualidadadiario.com\/index.php\/wp-json\/wp\/v2\/posts\/57460"}],"collection":[{"href":"https:\/\/www.actualidadadiario.com\/index.php\/wp-json\/wp\/v2\/posts"}],"about":[{"href":"https:\/\/www.actualidadadiario.com\/index.php\/wp-json\/wp\/v2\/types\/post"}],"author":[{"embeddable":true,"href":"https:\/\/www.actualidadadiario.com\/index.php\/wp-json\/wp\/v2\/users\/3"}],"replies":[{"embeddable":true,"href":"https:\/\/www.actualidadadiario.com\/index.php\/wp-json\/wp\/v2\/comments?post=57460"}],"version-history":[{"count":1,"href":"https:\/\/www.actualidadadiario.com\/index.php\/wp-json\/wp\/v2\/posts\/57460\/revisions"}],"predecessor-version":[{"id":57462,"href":"https:\/\/www.actualidadadiario.com\/index.php\/wp-json\/wp\/v2\/posts\/57460\/revisions\/57462"}],"wp:featuredmedia":[{"embeddable":true,"href":"https:\/\/www.actualidadadiario.com\/index.php\/wp-json\/wp\/v2\/media\/57461"}],"wp:attachment":[{"href":"https:\/\/www.actualidadadiario.com\/index.php\/wp-json\/wp\/v2\/media?parent=57460"}],"wp:term":[{"taxonomy":"category","embeddable":true,"href":"https:\/\/www.actualidadadiario.com\/index.php\/wp-json\/wp\/v2\/categories?post=57460"},{"taxonomy":"post_tag","embeddable":true,"href":"https:\/\/www.actualidadadiario.com\/index.php\/wp-json\/wp\/v2\/tags?post=57460"}],"curies":[{"name":"wp","href":"https:\/\/api.w.org\/{rel}","templated":true}]}}