{"id":57453,"date":"2020-02-06T12:14:53","date_gmt":"2020-02-06T15:14:53","guid":{"rendered":"https:\/\/www.actualidadadiario.com\/?p=57453"},"modified":"2020-02-06T12:14:53","modified_gmt":"2020-02-06T15:14:53","slug":"en-el-ultimo-ano-de-macri-la-construccion-cayo-un-79-y-la-industria-un-64","status":"publish","type":"post","link":"https:\/\/www.actualidadadiario.com\/index.php\/2020\/02\/06\/en-el-ultimo-ano-de-macri-la-construccion-cayo-un-79-y-la-industria-un-64\/","title":{"rendered":"En el \u00faltimo a\u00f1o de Macri, la construcci\u00f3n cay\u00f3 un 7,9% y la industria, un 6,4%"},"content":{"rendered":"<p style=\"text-align: center;\"><em><strong>Los datos surgen de la comparaci\u00f3n con 2018. En diciembre, la actividad industrial subi\u00f3 un 1,2% mientras que la de la construcci\u00f3n registr\u00f3 una disminuci\u00f3n del 6,4%<\/strong><\/em><\/p>\n<p>&nbsp;<\/p>\n<p>&nbsp;<\/p>\n<p>En el 2019, \u00faltimo a\u00f1o de gesti\u00f3n de Mauricio Macri, la actividad industrial cay\u00f3 durante el a\u00f1o pasado 6,4% y la construcci\u00f3n se derrumb\u00f3 7,9%, inform\u00f3 este mi\u00e9rcoles el Instituto Nacional de Estad\u00edstica y Censos (Indec).<\/p>\n<p>El organismo dio cuenta que la baja en el sector fabril se produjo a pesar de que en diciembre la actividad estuvo 1,2% por sobre igual mes del 2018, aunque la construcci\u00f3n baj\u00f3 6,4% interanual.<\/p>\n<p>La ca\u00edda de 6,4% en el sector fabril durante el a\u00f1o pasado estuvo impulsada por un retroceso del 22,2% en la industria automotriz; de 36,9% en &#8220;otro equipo de transporte&#8221;; de 14,6% en maquinaria y equipo; y de 8% en Industrias met\u00e1licas b\u00e1sicas, entre otras.<\/p>\n<p>En ese marco, el viernes, el ministro de Desarrollo Productivo, Mat\u00edas Kulfas, destac\u00f3 la importancia de cambiar el modelo econ\u00f3mico que desarroll\u00f3 Mauricio Macri, para centrarlo en la producci\u00f3n y el trabajo.<\/p>\n<p>&#8220;Las finanzas deben estar al servicio de la producci\u00f3n y no al rev\u00e9s&#8221;, afirm\u00f3 Kulfas en un acto desarrollado en Chaco.<\/p>\n<p>Resalt\u00f3 que &#8220;el desaf\u00edo es que no haya un solo proyecto de inversi\u00f3n sustentable que no tenga financiamiento&#8221; y destac\u00f3 el di\u00e1logo con todos los sectores para resolver los problemas.<\/p>\n","protected":false},"excerpt":{"rendered":"<p>Los datos surgen de la comparaci\u00f3n con 2018. En diciembre, la actividad industrial subi\u00f3 un 1,2% mientras que la de la construcci\u00f3n registr\u00f3 una disminuci\u00f3n del 6,4% &nbsp; &nbsp; En el 2019, \u00faltimo a\u00f1o de gesti\u00f3n de Mauricio Macri, la actividad industrial cay\u00f3 durante el a\u00f1o pasado 6,4% y la construcci\u00f3n se derrumb\u00f3 7,9%, inform\u00f3 este mi\u00e9rcoles el Instituto Nacional de Estad\u00edstica y Censos (Indec). El organismo dio cuenta que la baja en el sector fabril se produjo a pesar de que en diciembre la actividad estuvo 1,2% por sobre&#8230;<\/p>\n","protected":false},"author":3,"featured_media":57454,"comment_status":"closed","ping_status":"closed","sticky":false,"template":"","format":"standard","meta":[],"categories":[2],"tags":[],"_links":{"self":[{"href":"https:\/\/www.actualidadadiario.com\/index.php\/wp-json\/wp\/v2\/posts\/57453"}],"collection":[{"href":"https:\/\/www.actualidadadiario.com\/index.php\/wp-json\/wp\/v2\/posts"}],"about":[{"href":"https:\/\/www.actualidadadiario.com\/index.php\/wp-json\/wp\/v2\/types\/post"}],"author":[{"embeddable":true,"href":"https:\/\/www.actualidadadiario.com\/index.php\/wp-json\/wp\/v2\/users\/3"}],"replies":[{"embeddable":true,"href":"https:\/\/www.actualidadadiario.com\/index.php\/wp-json\/wp\/v2\/comments?post=57453"}],"version-history":[{"count":1,"href":"https:\/\/www.actualidadadiario.com\/index.php\/wp-json\/wp\/v2\/posts\/57453\/revisions"}],"predecessor-version":[{"id":57455,"href":"https:\/\/www.actualidadadiario.com\/index.php\/wp-json\/wp\/v2\/posts\/57453\/revisions\/57455"}],"wp:featuredmedia":[{"embeddable":true,"href":"https:\/\/www.actualidadadiario.com\/index.php\/wp-json\/wp\/v2\/media\/57454"}],"wp:attachment":[{"href":"https:\/\/www.actualidadadiario.com\/index.php\/wp-json\/wp\/v2\/media?parent=57453"}],"wp:term":[{"taxonomy":"category","embeddable":true,"href":"https:\/\/www.actualidadadiario.com\/index.php\/wp-json\/wp\/v2\/categories?post=57453"},{"taxonomy":"post_tag","embeddable":true,"href":"https:\/\/www.actualidadadiario.com\/index.php\/wp-json\/wp\/v2\/tags?post=57453"}],"curies":[{"name":"wp","href":"https:\/\/api.w.org\/{rel}","templated":true}]}}