{"id":57448,"date":"2020-02-06T12:13:09","date_gmt":"2020-02-06T15:13:09","guid":{"rendered":"https:\/\/www.actualidadadiario.com\/?p=57448"},"modified":"2020-02-06T12:13:09","modified_gmt":"2020-02-06T15:13:09","slug":"la-produccion-automotriz-crecio-casi-un-40-en-enero","status":"publish","type":"post","link":"https:\/\/www.actualidadadiario.com\/index.php\/2020\/02\/06\/la-produccion-automotriz-crecio-casi-un-40-en-enero\/","title":{"rendered":"La producci\u00f3n automotriz creci\u00f3 casi un 40% en enero"},"content":{"rendered":"<p style=\"text-align: center;\"><em><strong>En enero la producci\u00f3n nacional de veh\u00edculos fue de 20.683 unidades, un 42,4 % m\u00e1s respecto de diciembre y un 39,7 % por sobre el registro del mismo mes de 2019<\/strong><\/em><\/p>\n<p>&nbsp;<\/p>\n<p>&nbsp;<\/p>\n<p>&nbsp;<\/p>\n<p>La Asociaci\u00f3n de F\u00e1bricas de Automotores (ADEFA) divulg\u00f3 los n\u00fameros de producci\u00f3n exportaci\u00f3n y ventas mayoristas correspondientes al primer mes de este 2020 que cont\u00f3 con 14 d\u00edas h\u00e1biles de actividad producto del receso de vacaciones y la ejecuci\u00f3n de mejoras en los procesos en las plantas industriales.<\/p>\n<p>En su informe, destaca que durante el primer mes del a\u00f1o, se produjeron 20.683 veh\u00edculos de pasajeros y utilitarios livianos, es decir, un 42,4 % m\u00e1s respecto del volumen de diciembre pasado y un 39,7 % m\u00e1s respecto de las 14.803 unidades que se produjeron en el mismo mes del 2019.<\/p>\n<p>A su vez, con respecto a las exportaciones muestra la continuidad de un mercado esquivo, registrando un volumen de veh\u00edculos exportados de 8.691 unidades en enero, lo que mostr\u00f3 una baja de 54,2 % en su comparaci\u00f3n con diciembre.<\/p>\n<p>Sin embargo, si la comparaci\u00f3n es contra el mismo mes del 2019, el sector registr\u00f3 una mejora en los env\u00edos de 17,4 %.<\/p>\n<p>Con respecto al mercado local, el sector comercializ\u00f3 a su red de concesionarios 25.727 unidades durante enero, un 17,4 % menos respecto de diciembre y 14,4 % menos respecto de enero 2019, subraya el informe.<\/p>\n<p>El presidente de la Asociaci\u00f3n de F\u00e1bricas de Automotores (ADEFA), Gabriel L\u00f3pez, explic\u00f3 que \u201cdada la habitual estacionalidad de los primeros meses del a\u00f1o, marcados fuertemente por el calendario de paradas t\u00e9cnicas y vacaciones de las plantas, entendemos que es prematuro hacer proyecciones hasta cerrado el primer trimestre\u201d.<\/p>\n<p>Adem\u00e1s, adelant\u00f3 que se continuar\u00e1 abordando y trabajando junto a las nuevas autoridades nacionales y provinciales en una agenda conjunta que articule al sector p\u00fablico y privado para revertir los \u00edndices negativos de esta industria.<\/p>\n<p>Para culminar, L\u00f3pez resalt\u00f3 el compromiso de la entidad de trabajar en esa b\u00fasqueda de mecanismos que contribuyan efectivamente a la \u201cmejora continua de la competitividad\u201d.<\/p>\n","protected":false},"excerpt":{"rendered":"<p>En enero la producci\u00f3n nacional de veh\u00edculos fue de 20.683 unidades, un 42,4 % m\u00e1s respecto de diciembre y un 39,7 % por sobre el registro del mismo mes de 2019 &nbsp; &nbsp; &nbsp; La Asociaci\u00f3n de F\u00e1bricas de Automotores (ADEFA) divulg\u00f3 los n\u00fameros de producci\u00f3n exportaci\u00f3n y ventas mayoristas correspondientes al primer mes de este 2020 que cont\u00f3 con 14 d\u00edas h\u00e1biles de actividad producto del receso de vacaciones y la ejecuci\u00f3n de mejoras en los procesos en las plantas industriales. En su informe, destaca que durante el primer&#8230;<\/p>\n","protected":false},"author":3,"featured_media":48983,"comment_status":"closed","ping_status":"closed","sticky":false,"template":"","format":"standard","meta":[],"categories":[9],"tags":[],"_links":{"self":[{"href":"https:\/\/www.actualidadadiario.com\/index.php\/wp-json\/wp\/v2\/posts\/57448"}],"collection":[{"href":"https:\/\/www.actualidadadiario.com\/index.php\/wp-json\/wp\/v2\/posts"}],"about":[{"href":"https:\/\/www.actualidadadiario.com\/index.php\/wp-json\/wp\/v2\/types\/post"}],"author":[{"embeddable":true,"href":"https:\/\/www.actualidadadiario.com\/index.php\/wp-json\/wp\/v2\/users\/3"}],"replies":[{"embeddable":true,"href":"https:\/\/www.actualidadadiario.com\/index.php\/wp-json\/wp\/v2\/comments?post=57448"}],"version-history":[{"count":1,"href":"https:\/\/www.actualidadadiario.com\/index.php\/wp-json\/wp\/v2\/posts\/57448\/revisions"}],"predecessor-version":[{"id":57449,"href":"https:\/\/www.actualidadadiario.com\/index.php\/wp-json\/wp\/v2\/posts\/57448\/revisions\/57449"}],"wp:featuredmedia":[{"embeddable":true,"href":"https:\/\/www.actualidadadiario.com\/index.php\/wp-json\/wp\/v2\/media\/48983"}],"wp:attachment":[{"href":"https:\/\/www.actualidadadiario.com\/index.php\/wp-json\/wp\/v2\/media?parent=57448"}],"wp:term":[{"taxonomy":"category","embeddable":true,"href":"https:\/\/www.actualidadadiario.com\/index.php\/wp-json\/wp\/v2\/categories?post=57448"},{"taxonomy":"post_tag","embeddable":true,"href":"https:\/\/www.actualidadadiario.com\/index.php\/wp-json\/wp\/v2\/tags?post=57448"}],"curies":[{"name":"wp","href":"https:\/\/api.w.org\/{rel}","templated":true}]}}