{"id":57446,"date":"2020-02-06T12:12:21","date_gmt":"2020-02-06T15:12:21","guid":{"rendered":"https:\/\/www.actualidadadiario.com\/?p=57446"},"modified":"2020-02-06T12:12:21","modified_gmt":"2020-02-06T15:12:21","slug":"el-lunes-sera-un-dia-clave-para-la-situacion-judicial-del-ex-intendente-varisco","status":"publish","type":"post","link":"https:\/\/www.actualidadadiario.com\/index.php\/2020\/02\/06\/el-lunes-sera-un-dia-clave-para-la-situacion-judicial-del-ex-intendente-varisco\/","title":{"rendered":"El lunes ser\u00e1 un d\u00eda clave para la situaci\u00f3n judicial del ex intendente Varisco"},"content":{"rendered":"<p style=\"text-align: center;\"><em><strong>Este lunes 10 ser\u00e1 un d\u00eda importante para el ex intendente de la capital provincial Sergio Varisco, habida cuenta de que ese d\u00eda y casi en paralelo, el Tribunal Oral en lo Criminal Federal (TOCF) leer\u00e1 los fundamentos de la sentencia que le impuso de 6 a\u00f1os y 6 meses de prisi\u00f3n en la causa narcotr\u00e1fico, mientras que en la Justicia provincial comenzar\u00e1n las audiencias de la causa \u201cMutual Modelo\u201d<\/strong><\/em><\/p>\n<p>&nbsp;<\/p>\n<p>&nbsp;<\/p>\n<p>El 30 de diciembre del a\u00f1o pasado, Varisco fue condenado junto a un grupo de acusados por el TOCF que juzg\u00f3 las causas conocidas como \u201cnarcoavioneta\u201d y \u201cnarcomunicipio\u201d a cumplir 6 a\u00f1os y 6 meses de prisi\u00f3n por considerarlo part\u00edcipe necesario del delito de tr\u00e1fico de estupefacientes con agravantes.<\/p>\n<p>La sentencia ser\u00e1 de cumplimiento una vez que el fallo est\u00e9 firme, es decir que supere las instancias de apelaci\u00f3n. Mientras tanto, el ex intendente est\u00e1 cumpliendo prisi\u00f3n domiciliaria con tobillera electr\u00f3nica.<\/p>\n<p>Ese d\u00eda, el Tribunal integrado por Lilia Carnero; Noem\u00ed Berros y Roberto L\u00f3pez Arango anunci\u00f3 que el lunes 10 a las 9 de la ma\u00f1ana dar\u00e1 a conocer los fundamentos de la decisi\u00f3n.<\/p>\n<p>Ese mismo d\u00eda y a la misma hora, est\u00e1 previsto que sea la primera audiencia en la causa \u201cMutual Modelo\u201d. All\u00ed, Varisco est\u00e1 acusado de negociaciones incompatibles con la funci\u00f3n p\u00fablica y fraude a la administraci\u00f3n p\u00fablica, ya que se le endilga la voluntad de favorecer econ\u00f3micamente a la mutual a trav\u00e9s de un adelanto de 1,5 millones de pesos.<\/p>\n","protected":false},"excerpt":{"rendered":"<p>Este lunes 10 ser\u00e1 un d\u00eda importante para el ex intendente de la capital provincial Sergio Varisco, habida cuenta de que ese d\u00eda y casi en paralelo, el Tribunal Oral en lo Criminal Federal (TOCF) leer\u00e1 los fundamentos de la sentencia que le impuso de 6 a\u00f1os y 6 meses de prisi\u00f3n en la causa narcotr\u00e1fico, mientras que en la Justicia provincial comenzar\u00e1n las audiencias de la causa \u201cMutual Modelo\u201d &nbsp; &nbsp; El 30 de diciembre del a\u00f1o pasado, Varisco fue condenado junto a un grupo de acusados por el&#8230;<\/p>\n","protected":false},"author":3,"featured_media":55969,"comment_status":"closed","ping_status":"closed","sticky":false,"template":"","format":"standard","meta":[],"categories":[15],"tags":[],"_links":{"self":[{"href":"https:\/\/www.actualidadadiario.com\/index.php\/wp-json\/wp\/v2\/posts\/57446"}],"collection":[{"href":"https:\/\/www.actualidadadiario.com\/index.php\/wp-json\/wp\/v2\/posts"}],"about":[{"href":"https:\/\/www.actualidadadiario.com\/index.php\/wp-json\/wp\/v2\/types\/post"}],"author":[{"embeddable":true,"href":"https:\/\/www.actualidadadiario.com\/index.php\/wp-json\/wp\/v2\/users\/3"}],"replies":[{"embeddable":true,"href":"https:\/\/www.actualidadadiario.com\/index.php\/wp-json\/wp\/v2\/comments?post=57446"}],"version-history":[{"count":1,"href":"https:\/\/www.actualidadadiario.com\/index.php\/wp-json\/wp\/v2\/posts\/57446\/revisions"}],"predecessor-version":[{"id":57447,"href":"https:\/\/www.actualidadadiario.com\/index.php\/wp-json\/wp\/v2\/posts\/57446\/revisions\/57447"}],"wp:featuredmedia":[{"embeddable":true,"href":"https:\/\/www.actualidadadiario.com\/index.php\/wp-json\/wp\/v2\/media\/55969"}],"wp:attachment":[{"href":"https:\/\/www.actualidadadiario.com\/index.php\/wp-json\/wp\/v2\/media?parent=57446"}],"wp:term":[{"taxonomy":"category","embeddable":true,"href":"https:\/\/www.actualidadadiario.com\/index.php\/wp-json\/wp\/v2\/categories?post=57446"},{"taxonomy":"post_tag","embeddable":true,"href":"https:\/\/www.actualidadadiario.com\/index.php\/wp-json\/wp\/v2\/tags?post=57446"}],"curies":[{"name":"wp","href":"https:\/\/api.w.org\/{rel}","templated":true}]}}