{"id":57443,"date":"2020-02-06T12:11:37","date_gmt":"2020-02-06T15:11:37","guid":{"rendered":"https:\/\/www.actualidadadiario.com\/?p=57443"},"modified":"2020-02-06T12:11:37","modified_gmt":"2020-02-06T15:11:37","slug":"marcharon-pidiendo-justicia-por-joven-trans-violada-en-chajari","status":"publish","type":"post","link":"https:\/\/www.actualidadadiario.com\/index.php\/2020\/02\/06\/marcharon-pidiendo-justicia-por-joven-trans-violada-en-chajari\/","title":{"rendered":"Marcharon pidiendo justicia por joven trans violada en Chajar\u00ed"},"content":{"rendered":"<p style=\"text-align: center;\"><em><strong>La movilizaci\u00f3n se inici\u00f3 a las 20:30 horas del mi\u00e9rcoles 5 de febrero. Se exigi\u00f3 justicia y el esclarecimiento de la agresi\u00f3n sexual contra una joven trans a la salida de un local bailable, ocurrida d\u00edas atr\u00e1s. La mujer radic\u00f3 la denuncia en la justicia y por el hecho qued\u00f3 imputado un hombre<\/strong><\/em><\/p>\n<p>&nbsp;<\/p>\n<p>&nbsp;<\/p>\n<p>La concentraci\u00f3n se realiz\u00f3 enfrente al edificio de la Comisar\u00eda N\u00b0 1 de Chajar\u00ed, donde un nutrido n\u00famero de manifestantes fueron recibidos por el jefe de la misma, subcomisario Osvaldo Adolf, quien manifest\u00f3 que se encargar\u00edan de acompa\u00f1ar y resguardar la seguridad de la marcha, instando a los presentes por continuar con el pedido de justicia por los canales correspondientes.<\/p>\n<p>El mismo Adolf, junto a otros integrantes de la fuerza, acompa\u00f1\u00f3 la marcha para garantizar que todo se desarrolle tranquilamente.<\/p>\n<p>La columna de manifestantes tom\u00f3 calle Sarmiento y desde all\u00ed caminaron atravesando la zona c\u00e9ntrica de la ciudad hasta llegar a calle Urquiza. Caminaron por esta v\u00eda a contramano, para luego caminar hasta el edificio de Tribunales, ubicado en el Centro C\u00edvico, sobre calle Estrada. En este lugar volvieron a alzar sus voces pidiendo justicia ante el ataque sexual del cual fue v\u00edctima la joven Bern\u00e1rdez.<\/p>\n<p>Durante toda la caminata se escucharon c\u00e1nticos en los que se resalt\u00f3 la lucha contra la violencia de g\u00e9nero.<\/p>\n<p>Participaron grupos feministas, personas trans, y ciudadanos que se hicieron eco de la manifestaci\u00f3n, que fue totalmente pac\u00edfica.<\/p>\n","protected":false},"excerpt":{"rendered":"<p>La movilizaci\u00f3n se inici\u00f3 a las 20:30 horas del mi\u00e9rcoles 5 de febrero. Se exigi\u00f3 justicia y el esclarecimiento de la agresi\u00f3n sexual contra una joven trans a la salida de un local bailable, ocurrida d\u00edas atr\u00e1s. La mujer radic\u00f3 la denuncia en la justicia y por el hecho qued\u00f3 imputado un hombre &nbsp; &nbsp; La concentraci\u00f3n se realiz\u00f3 enfrente al edificio de la Comisar\u00eda N\u00b0 1 de Chajar\u00ed, donde un nutrido n\u00famero de manifestantes fueron recibidos por el jefe de la misma, subcomisario Osvaldo Adolf, quien manifest\u00f3 que se&#8230;<\/p>\n","protected":false},"author":3,"featured_media":57444,"comment_status":"closed","ping_status":"closed","sticky":false,"template":"","format":"standard","meta":[],"categories":[15],"tags":[],"_links":{"self":[{"href":"https:\/\/www.actualidadadiario.com\/index.php\/wp-json\/wp\/v2\/posts\/57443"}],"collection":[{"href":"https:\/\/www.actualidadadiario.com\/index.php\/wp-json\/wp\/v2\/posts"}],"about":[{"href":"https:\/\/www.actualidadadiario.com\/index.php\/wp-json\/wp\/v2\/types\/post"}],"author":[{"embeddable":true,"href":"https:\/\/www.actualidadadiario.com\/index.php\/wp-json\/wp\/v2\/users\/3"}],"replies":[{"embeddable":true,"href":"https:\/\/www.actualidadadiario.com\/index.php\/wp-json\/wp\/v2\/comments?post=57443"}],"version-history":[{"count":1,"href":"https:\/\/www.actualidadadiario.com\/index.php\/wp-json\/wp\/v2\/posts\/57443\/revisions"}],"predecessor-version":[{"id":57445,"href":"https:\/\/www.actualidadadiario.com\/index.php\/wp-json\/wp\/v2\/posts\/57443\/revisions\/57445"}],"wp:featuredmedia":[{"embeddable":true,"href":"https:\/\/www.actualidadadiario.com\/index.php\/wp-json\/wp\/v2\/media\/57444"}],"wp:attachment":[{"href":"https:\/\/www.actualidadadiario.com\/index.php\/wp-json\/wp\/v2\/media?parent=57443"}],"wp:term":[{"taxonomy":"category","embeddable":true,"href":"https:\/\/www.actualidadadiario.com\/index.php\/wp-json\/wp\/v2\/categories?post=57443"},{"taxonomy":"post_tag","embeddable":true,"href":"https:\/\/www.actualidadadiario.com\/index.php\/wp-json\/wp\/v2\/tags?post=57443"}],"curies":[{"name":"wp","href":"https:\/\/api.w.org\/{rel}","templated":true}]}}