{"id":57440,"date":"2020-02-06T12:10:53","date_gmt":"2020-02-06T15:10:53","guid":{"rendered":"https:\/\/www.actualidadadiario.com\/?p=57440"},"modified":"2020-02-06T12:10:53","modified_gmt":"2020-02-06T15:10:53","slug":"diputadas-trabajan-en-la-articulacion-de-una-agenda-sobre-justicia-social-y-genero","status":"publish","type":"post","link":"https:\/\/www.actualidadadiario.com\/index.php\/2020\/02\/06\/diputadas-trabajan-en-la-articulacion-de-una-agenda-sobre-justicia-social-y-genero\/","title":{"rendered":"Diputadas trabajan en la articulaci\u00f3n de una agenda sobre justicia social y g\u00e9nero"},"content":{"rendered":"<p style=\"text-align: center;\"><em><strong>Las diputadas provinciales del bloque del Frente CREER Entre R\u00edos se reunieron este mi\u00e9rcoles a fin de articular una agenda sostenida en materia de justicia social y g\u00e9nero<\/strong><\/em><\/p>\n<p>&nbsp;<\/p>\n<p>&nbsp;<\/p>\n<p>Stefan\u00eda Cora, Mariana Farf\u00e1n, Carina Ramos, Paola Rubattino, Silvia Moreno y Carmen Toller intercambiaron ideas y proyectos con el objetivo de lograr equidad e igualdad en el \u00e1mbito deportivo, cultural y comunicacional.<\/p>\n<p>Por otra parte, uno de los temas centrales de la reuni\u00f3n fue la paridad en \u00e1mbitos de representaci\u00f3n pol\u00edtica, por lo cual se comenzaron a delinear ideas y proyectos tendientes a hacer efectiva la misma.<\/p>\n<p>Las legisladoras del bloque oficialista hicieron referencia a la necesidad de establecer y sostener la equidad de g\u00e9nero en la representaci\u00f3n pol\u00edtica y partidaria y en la conformaci\u00f3n de candidaturas con probabilidad de resultar electas, tal como lo dispone la Ley N\u00ba 10.012 de \u201cEquidad de g\u00e9nero en la representaci\u00f3n pol\u00edtica\u201d que Entre R\u00edos adopt\u00f3 en 2011 y que a su vez est\u00e1 establecida en el art\u00edculo 17 de la Constituci\u00f3n Provincial.<\/p>\n<p>Asimismo, coincidieron en que existe una trayectoria pol\u00edtica y un fuerte compromiso con la tem\u00e1tica, por lo cual se encuentran trabajando para impulsar y desarrollar acciones concretas con la participaci\u00f3n y el apoyo de diferentes referentes sociales.<\/p>\n<p>Por \u00faltimo y en el marco de los diversos temas abordados, se destac\u00f3 la importancia de mantener y generar espacios de debate y participaci\u00f3n ciudadana en miras de construir pol\u00edticas legislativas que respondan a las necesidades de la realidad provincial.<\/p>\n","protected":false},"excerpt":{"rendered":"<p>Las diputadas provinciales del bloque del Frente CREER Entre R\u00edos se reunieron este mi\u00e9rcoles a fin de articular una agenda sostenida en materia de justicia social y g\u00e9nero &nbsp; &nbsp; Stefan\u00eda Cora, Mariana Farf\u00e1n, Carina Ramos, Paola Rubattino, Silvia Moreno y Carmen Toller intercambiaron ideas y proyectos con el objetivo de lograr equidad e igualdad en el \u00e1mbito deportivo, cultural y comunicacional. Por otra parte, uno de los temas centrales de la reuni\u00f3n fue la paridad en \u00e1mbitos de representaci\u00f3n pol\u00edtica, por lo cual se comenzaron a delinear ideas y&#8230;<\/p>\n","protected":false},"author":3,"featured_media":57441,"comment_status":"closed","ping_status":"closed","sticky":false,"template":"","format":"standard","meta":[],"categories":[15],"tags":[],"_links":{"self":[{"href":"https:\/\/www.actualidadadiario.com\/index.php\/wp-json\/wp\/v2\/posts\/57440"}],"collection":[{"href":"https:\/\/www.actualidadadiario.com\/index.php\/wp-json\/wp\/v2\/posts"}],"about":[{"href":"https:\/\/www.actualidadadiario.com\/index.php\/wp-json\/wp\/v2\/types\/post"}],"author":[{"embeddable":true,"href":"https:\/\/www.actualidadadiario.com\/index.php\/wp-json\/wp\/v2\/users\/3"}],"replies":[{"embeddable":true,"href":"https:\/\/www.actualidadadiario.com\/index.php\/wp-json\/wp\/v2\/comments?post=57440"}],"version-history":[{"count":1,"href":"https:\/\/www.actualidadadiario.com\/index.php\/wp-json\/wp\/v2\/posts\/57440\/revisions"}],"predecessor-version":[{"id":57442,"href":"https:\/\/www.actualidadadiario.com\/index.php\/wp-json\/wp\/v2\/posts\/57440\/revisions\/57442"}],"wp:featuredmedia":[{"embeddable":true,"href":"https:\/\/www.actualidadadiario.com\/index.php\/wp-json\/wp\/v2\/media\/57441"}],"wp:attachment":[{"href":"https:\/\/www.actualidadadiario.com\/index.php\/wp-json\/wp\/v2\/media?parent=57440"}],"wp:term":[{"taxonomy":"category","embeddable":true,"href":"https:\/\/www.actualidadadiario.com\/index.php\/wp-json\/wp\/v2\/categories?post=57440"},{"taxonomy":"post_tag","embeddable":true,"href":"https:\/\/www.actualidadadiario.com\/index.php\/wp-json\/wp\/v2\/tags?post=57440"}],"curies":[{"name":"wp","href":"https:\/\/api.w.org\/{rel}","templated":true}]}}