{"id":57437,"date":"2020-02-06T12:10:03","date_gmt":"2020-02-06T15:10:03","guid":{"rendered":"https:\/\/www.actualidadadiario.com\/?p=57437"},"modified":"2020-02-06T12:10:03","modified_gmt":"2020-02-06T15:10:03","slug":"agmer-se-reune-en-plenario-para-delinear-la-demanda-salarial-para-este-ano","status":"publish","type":"post","link":"https:\/\/www.actualidadadiario.com\/index.php\/2020\/02\/06\/agmer-se-reune-en-plenario-para-delinear-la-demanda-salarial-para-este-ano\/","title":{"rendered":"Agmer se re\u00fane en Plenario para delinear la demanda salarial para este a\u00f1o"},"content":{"rendered":"<p style=\"text-align: center;\"><em><strong>El Plenario de Secretarios Generales se re\u00fane desde las 9 de este jueves, para delinear \u201cuna agenda de demandas\u201d para plantearle al Gobierno provincial, entre ellas las expectativas salariales para este a\u00f1o y una serie de reclamos al CGE relacionados con la tarea docente propiamente dicha<\/strong><\/em><\/p>\n<p>&nbsp;<\/p>\n<p>&nbsp;<\/p>\n<p>La Asociaci\u00f3n Gremial del Magisterio de Entre R\u00edos (Agmer) convoc\u00f3 a un Plenario de secretarios generales para este jueves 6 de febrero a las 9 en Paran\u00e1 en el que participar\u00e1n los titulares de las 17 seccionales y los representantes de la comisi\u00f3n directiva central del sindicato.<\/p>\n<p>De acuerdo al temario difundido por el gremio, en primer lugar el secretario General, Marcelo Pagani, brindar\u00e1 un informe, y luego se har\u00e1 un an\u00e1lisis de la situaci\u00f3n nacional y provincial.<\/p>\n<p>Tambi\u00e9n se elaborar\u00e1 \u201cuna agenda de demandas integral que tiene que ver con dos puntos centrales: los reclamos al Consejo General de Educaci\u00f3n (CGE) respecto a la tarea docente propiamente dicha, y por otro lado, las demandas desde lo salarial, que tienen que ver con las expectativas que tenemos para las paritarias provinciales\u201d, explic\u00f3 Zampedri.<\/p>\n<p>Luego ampli\u00f3: \u201cCon el Gobierno provincial debemos dar una disputa muy fuerte en funci\u00f3n de conseguir una recomposici\u00f3n salarial que contenga las expectativas del colectivo docente\u201d. Remarc\u00f3 adem\u00e1s que esa recomposici\u00f3n deber\u00e1 contemplar \u201cque los trabajadores docentes entrerrianos no perdamos frente a esa inflaci\u00f3n, en un a\u00f1o que se preanuncia como inflacionario, con expectativas inflacionarias bastante altas\u201d.<\/p>\n<p>El cuerpo deliberar\u00e1 a partir de las 9 en la sede central del sindicato, ubicado en Alameda de la Federaci\u00f3n 114 de Paran\u00e1. Estar\u00e1n presentes representantes de los 17 departamentos de la provincia.<\/p>\n","protected":false},"excerpt":{"rendered":"<p>El Plenario de Secretarios Generales se re\u00fane desde las 9 de este jueves, para delinear \u201cuna agenda de demandas\u201d para plantearle al Gobierno provincial, entre ellas las expectativas salariales para este a\u00f1o y una serie de reclamos al CGE relacionados con la tarea docente propiamente dicha &nbsp; &nbsp; La Asociaci\u00f3n Gremial del Magisterio de Entre R\u00edos (Agmer) convoc\u00f3 a un Plenario de secretarios generales para este jueves 6 de febrero a las 9 en Paran\u00e1 en el que participar\u00e1n los titulares de las 17 seccionales y los representantes de la&#8230;<\/p>\n","protected":false},"author":3,"featured_media":57438,"comment_status":"closed","ping_status":"closed","sticky":false,"template":"","format":"standard","meta":[],"categories":[15],"tags":[],"_links":{"self":[{"href":"https:\/\/www.actualidadadiario.com\/index.php\/wp-json\/wp\/v2\/posts\/57437"}],"collection":[{"href":"https:\/\/www.actualidadadiario.com\/index.php\/wp-json\/wp\/v2\/posts"}],"about":[{"href":"https:\/\/www.actualidadadiario.com\/index.php\/wp-json\/wp\/v2\/types\/post"}],"author":[{"embeddable":true,"href":"https:\/\/www.actualidadadiario.com\/index.php\/wp-json\/wp\/v2\/users\/3"}],"replies":[{"embeddable":true,"href":"https:\/\/www.actualidadadiario.com\/index.php\/wp-json\/wp\/v2\/comments?post=57437"}],"version-history":[{"count":1,"href":"https:\/\/www.actualidadadiario.com\/index.php\/wp-json\/wp\/v2\/posts\/57437\/revisions"}],"predecessor-version":[{"id":57439,"href":"https:\/\/www.actualidadadiario.com\/index.php\/wp-json\/wp\/v2\/posts\/57437\/revisions\/57439"}],"wp:featuredmedia":[{"embeddable":true,"href":"https:\/\/www.actualidadadiario.com\/index.php\/wp-json\/wp\/v2\/media\/57438"}],"wp:attachment":[{"href":"https:\/\/www.actualidadadiario.com\/index.php\/wp-json\/wp\/v2\/media?parent=57437"}],"wp:term":[{"taxonomy":"category","embeddable":true,"href":"https:\/\/www.actualidadadiario.com\/index.php\/wp-json\/wp\/v2\/categories?post=57437"},{"taxonomy":"post_tag","embeddable":true,"href":"https:\/\/www.actualidadadiario.com\/index.php\/wp-json\/wp\/v2\/tags?post=57437"}],"curies":[{"name":"wp","href":"https:\/\/api.w.org\/{rel}","templated":true}]}}