{"id":57434,"date":"2020-02-06T12:09:19","date_gmt":"2020-02-06T15:09:19","guid":{"rendered":"https:\/\/www.actualidadadiario.com\/?p=57434"},"modified":"2020-02-06T12:09:19","modified_gmt":"2020-02-06T15:09:19","slug":"articulan-herramientas-de-educacion-formal-y-no-formal-para-personas-privadas-de-su-libertad","status":"publish","type":"post","link":"https:\/\/www.actualidadadiario.com\/index.php\/2020\/02\/06\/articulan-herramientas-de-educacion-formal-y-no-formal-para-personas-privadas-de-su-libertad\/","title":{"rendered":"Articulan herramientas de educaci\u00f3n formal y no formal para personas privadas de su libertad"},"content":{"rendered":"<p style=\"text-align: center;\"><em><strong>La ministra de Gobierno y Justicia, Rosario Romero, recibi\u00f3 a la directora de la Escuela \u2018La Vidalita\u2019, Silvia Videla y al senador de Gualeguaych\u00fa, Jorge Maradey, con quienes trabajaron en fortalecer las herramientas de capacitaci\u00f3n para personas privadas de su libertad<\/strong><\/em><\/p>\n<p>&nbsp;<\/p>\n<p>&nbsp;<\/p>\n<p>En la Unidad Penal N\u00b09 de Gualeguaych\u00fa funciona hace 2 a\u00f1os la Escuela \u2018La Vidalita\u2019, una Instituci\u00f3n destinada a brindar capacitaci\u00f3n y formaci\u00f3n a personas que cumplen condena. Es una Escuela primaria y secundaria y este a\u00f1o tendr\u00e1n m\u00e1s de 100 personas en su matr\u00edcula.<\/p>\n<p>\u201cGarantizar herramientas que faciliten la reinserci\u00f3n en la sociedad, es fundamental para brindar un apoyo general y efectivo sobre las personas privadas de su libertad. Tanto la educaci\u00f3n formal como la no formal, es de suma importancia para beneficiar el trabajo de los internos y para la incorporaci\u00f3n de nuevas capacidades laborales\u201d, detall\u00f3 la ministra de Gobierno y Justicia.<\/p>\n<p>Por lado, la Ministra destac\u00f3 la labor que realiza el Servicio Penitenciario de la provincia en ese sentido y subray\u00f3 la importancia del \u201ctrabajo conjunto que desde el SPER se realiza con las instituciones educativas para garantizar esas herramientas\u201d.<\/p>\n<p>La Escuela \u2018La Vidalita\u2019 consigui\u00f3 en el a\u00f1o 2019, equipar una sala de computaci\u00f3n con 15 notebooks, despu\u00e9s de que su proyecto gane un concurso en el marco de los programas de financiamiento con Cr\u00e9ditos Fiscales. Este a\u00f1o, se sumar\u00e1 a la propuesta educativa, un taller de Panader\u00eda.<\/p>\n<p>Por su parte, la directora de la Instituci\u00f3n, Silvia Videla, explic\u00f3: \u201cNosotros intentamos darle a las personas privadas de su libertad, toda la contenci\u00f3n y apoyo que creemos que necesitan y no han tenido. Organizamos los actos y festejos tal cual son en otras escuelas, para que puedan vivir esa experiencia\u201d.<\/p>\n","protected":false},"excerpt":{"rendered":"<p>La ministra de Gobierno y Justicia, Rosario Romero, recibi\u00f3 a la directora de la Escuela \u2018La Vidalita\u2019, Silvia Videla y al senador de Gualeguaych\u00fa, Jorge Maradey, con quienes trabajaron en fortalecer las herramientas de capacitaci\u00f3n para personas privadas de su libertad &nbsp; &nbsp; En la Unidad Penal N\u00b09 de Gualeguaych\u00fa funciona hace 2 a\u00f1os la Escuela \u2018La Vidalita\u2019, una Instituci\u00f3n destinada a brindar capacitaci\u00f3n y formaci\u00f3n a personas que cumplen condena. Es una Escuela primaria y secundaria y este a\u00f1o tendr\u00e1n m\u00e1s de 100 personas en su matr\u00edcula. \u201cGarantizar herramientas&#8230;<\/p>\n","protected":false},"author":3,"featured_media":57435,"comment_status":"closed","ping_status":"closed","sticky":false,"template":"","format":"standard","meta":[],"categories":[15],"tags":[],"_links":{"self":[{"href":"https:\/\/www.actualidadadiario.com\/index.php\/wp-json\/wp\/v2\/posts\/57434"}],"collection":[{"href":"https:\/\/www.actualidadadiario.com\/index.php\/wp-json\/wp\/v2\/posts"}],"about":[{"href":"https:\/\/www.actualidadadiario.com\/index.php\/wp-json\/wp\/v2\/types\/post"}],"author":[{"embeddable":true,"href":"https:\/\/www.actualidadadiario.com\/index.php\/wp-json\/wp\/v2\/users\/3"}],"replies":[{"embeddable":true,"href":"https:\/\/www.actualidadadiario.com\/index.php\/wp-json\/wp\/v2\/comments?post=57434"}],"version-history":[{"count":1,"href":"https:\/\/www.actualidadadiario.com\/index.php\/wp-json\/wp\/v2\/posts\/57434\/revisions"}],"predecessor-version":[{"id":57436,"href":"https:\/\/www.actualidadadiario.com\/index.php\/wp-json\/wp\/v2\/posts\/57434\/revisions\/57436"}],"wp:featuredmedia":[{"embeddable":true,"href":"https:\/\/www.actualidadadiario.com\/index.php\/wp-json\/wp\/v2\/media\/57435"}],"wp:attachment":[{"href":"https:\/\/www.actualidadadiario.com\/index.php\/wp-json\/wp\/v2\/media?parent=57434"}],"wp:term":[{"taxonomy":"category","embeddable":true,"href":"https:\/\/www.actualidadadiario.com\/index.php\/wp-json\/wp\/v2\/categories?post=57434"},{"taxonomy":"post_tag","embeddable":true,"href":"https:\/\/www.actualidadadiario.com\/index.php\/wp-json\/wp\/v2\/tags?post=57434"}],"curies":[{"name":"wp","href":"https:\/\/api.w.org\/{rel}","templated":true}]}}