{"id":57423,"date":"2020-02-04T12:56:18","date_gmt":"2020-02-04T15:56:18","guid":{"rendered":"https:\/\/www.actualidadadiario.com\/?p=57423"},"modified":"2020-02-04T12:56:18","modified_gmt":"2020-02-04T15:56:18","slug":"nkosi-johnson-el-nino-sudafricano-que-concientizo-al-mundo-sobre-la-lucha-de-los-chicos-con-sida","status":"publish","type":"post","link":"https:\/\/www.actualidadadiario.com\/index.php\/2020\/02\/04\/nkosi-johnson-el-nino-sudafricano-que-concientizo-al-mundo-sobre-la-lucha-de-los-chicos-con-sida\/","title":{"rendered":"Nkosi Johnson, el ni\u00f1o sudafricano que concientiz\u00f3 al Mundo sobre la lucha de los chicos con SIDA"},"content":{"rendered":"<p style=\"text-align: center;\"><em><strong>A pesar de fallecer a los 12 a\u00f1os, el peque\u00f1o lider\u00f3 varias campa\u00f1as y logr\u00f3 que sancionaran pol\u00edticas antidiscriminatorias<\/strong><\/em><\/p>\n<p>&nbsp;<\/p>\n<p>&nbsp;<\/p>\n<p>Nkosi Johnson, de quien hoy se celebra un nuevo aniversario de su nacimiento, fue un ni\u00f1o que dej\u00f3 su marca en el Mundo: siendo portador del virus de HIV, encabez\u00f3 varias campa\u00f1as y habl\u00f3 en varios pa\u00edses para pedir por la igualdad de derechos de los peque\u00f1os que sufren el SIDA. Su lucha logr\u00f3 que el Parlamento de su pa\u00eds adoptara pol\u00edticas antidiscriminatorias.<\/p>\n<p>Como public\u00f3 El Intransigente, Google fue uno de los tantos que record\u00f3 al joven, quien naci\u00f3 un d\u00eda como hoy pero de 1989, en Johannesburgo, Sud\u00e1frica. Fue concebido con la enfermedad autoinmune y fue adoptado por Gail, una oficial de relaciones p\u00fablicas de un centro m\u00e9dico, ante la inminente muerte de la madre del nene.<\/p>\n<p>Al registrarse en la escuela, el menor sufri\u00f3 la discriminaci\u00f3n por parte de las autoridades. Esto gener\u00f3 que sus padres organizaran talleres para educar a la comunidad africana sobre la infecci\u00f3n y el ni\u00f1o comenz\u00f3 a dar su testimonio. As\u00ed, el Parlamento sudafricano aprob\u00f3 normativas antidiscriminatorias para los colegios y la concientizaci\u00f3n se expandi\u00f3.<\/p>\n<p>\u201cCu\u00eddanos y ac\u00e9ptanos, todos somos seres humanos. Somos normales: Tenemos manos, tenemos pies, podemos caminar, podemos hablar, tenemos necesidades como todos los dem\u00e1s. No nos tengas miedo, \u00a1todos somos iguales!\u201d, expres\u00f3 en la 13\u00aa Conferencia Internacional sobre el SIDA. Su testimonio conmovi\u00f3 y fue reconocido en todo el planeta.<\/p>\n<p>El propio Nelson Mandela catalog\u00f3 al peque\u00f1o como \u201cun \u00edcono de la lucha por la vida\u201d. El refugio Nkosi\u2019s Haven (El cielo de Nkosi, en espa\u00f1ol), que est\u00e1 dirigido a madres y sus hijos portados del virus, fue fundado por su madre Gail. El muchachito falleci\u00f3 en junio de 2001, a sus 12 a\u00f1os. En el momento de su muerte, era el nene que sobrevivi\u00f3 m\u00e1s tiempo con VIH.<\/p>\n","protected":false},"excerpt":{"rendered":"<p>A pesar de fallecer a los 12 a\u00f1os, el peque\u00f1o lider\u00f3 varias campa\u00f1as y logr\u00f3 que sancionaran pol\u00edticas antidiscriminatorias &nbsp; &nbsp; Nkosi Johnson, de quien hoy se celebra un nuevo aniversario de su nacimiento, fue un ni\u00f1o que dej\u00f3 su marca en el Mundo: siendo portador del virus de HIV, encabez\u00f3 varias campa\u00f1as y habl\u00f3 en varios pa\u00edses para pedir por la igualdad de derechos de los peque\u00f1os que sufren el SIDA. Su lucha logr\u00f3 que el Parlamento de su pa\u00eds adoptara pol\u00edticas antidiscriminatorias. Como public\u00f3 El Intransigente, Google fue&#8230;<\/p>\n","protected":false},"author":3,"featured_media":57424,"comment_status":"closed","ping_status":"closed","sticky":false,"template":"","format":"standard","meta":[],"categories":[4],"tags":[],"_links":{"self":[{"href":"https:\/\/www.actualidadadiario.com\/index.php\/wp-json\/wp\/v2\/posts\/57423"}],"collection":[{"href":"https:\/\/www.actualidadadiario.com\/index.php\/wp-json\/wp\/v2\/posts"}],"about":[{"href":"https:\/\/www.actualidadadiario.com\/index.php\/wp-json\/wp\/v2\/types\/post"}],"author":[{"embeddable":true,"href":"https:\/\/www.actualidadadiario.com\/index.php\/wp-json\/wp\/v2\/users\/3"}],"replies":[{"embeddable":true,"href":"https:\/\/www.actualidadadiario.com\/index.php\/wp-json\/wp\/v2\/comments?post=57423"}],"version-history":[{"count":1,"href":"https:\/\/www.actualidadadiario.com\/index.php\/wp-json\/wp\/v2\/posts\/57423\/revisions"}],"predecessor-version":[{"id":57425,"href":"https:\/\/www.actualidadadiario.com\/index.php\/wp-json\/wp\/v2\/posts\/57423\/revisions\/57425"}],"wp:featuredmedia":[{"embeddable":true,"href":"https:\/\/www.actualidadadiario.com\/index.php\/wp-json\/wp\/v2\/media\/57424"}],"wp:attachment":[{"href":"https:\/\/www.actualidadadiario.com\/index.php\/wp-json\/wp\/v2\/media?parent=57423"}],"wp:term":[{"taxonomy":"category","embeddable":true,"href":"https:\/\/www.actualidadadiario.com\/index.php\/wp-json\/wp\/v2\/categories?post=57423"},{"taxonomy":"post_tag","embeddable":true,"href":"https:\/\/www.actualidadadiario.com\/index.php\/wp-json\/wp\/v2\/tags?post=57423"}],"curies":[{"name":"wp","href":"https:\/\/api.w.org\/{rel}","templated":true}]}}