{"id":57416,"date":"2020-02-04T12:54:47","date_gmt":"2020-02-04T15:54:47","guid":{"rendered":"https:\/\/www.actualidadadiario.com\/?p=57416"},"modified":"2020-02-04T12:54:47","modified_gmt":"2020-02-04T15:54:47","slug":"confirmado-evo-morales-se-postulo-para-ser-senador-de-bolivia","status":"publish","type":"post","link":"https:\/\/www.actualidadadiario.com\/index.php\/2020\/02\/04\/confirmado-evo-morales-se-postulo-para-ser-senador-de-bolivia\/","title":{"rendered":"Confirmado: Evo Morales se postul\u00f3 para ser senador de Bolivia"},"content":{"rendered":"<p style=\"text-align: center;\"><em><strong>El expresidente de Bolivia, Evo Morales, se inscribi\u00f3 oficialmente para ser candidato a senador en su naci\u00f3n. Nuevamente, el dirigente que no fue permitido para presentarse como aspirante a la presidencia representar\u00e1 al Movimiento al Socialismo (MAS). Ahora, el \u00f3rgano electoral deber\u00e1 determinar si las candidaturas cumplen con los requisitos<\/strong><\/em><\/p>\n<p>&nbsp;<\/p>\n<p>\u201cNuestro hermano presidente Evo Morales est\u00e1 en las listas oficiales del departamento de Cochabamba, como primero en la lista de candidatos al Senado\u201d, confirm\u00f3 el l\u00edder sindicalista de los cocaleros, Leonardo Loza. De esta manera, el primer ind\u00edgena en alcanzar ser jefe del Estado Plurinacional intentar\u00e1 retomar su actividad pol\u00edticas tras la revuelta y renuncia de su rol presidencial.<\/p>\n<p>Desde Argentina, el referente de la izquierda latinoamericana le otorg\u00f3 un poder a su abogado para que pueda concretar el registro. Durante las \u00faltimas horas, hab\u00eda denunciado que desde el Gobierno interino buscaban impedir su candidatura para los comicios que se llevar\u00e1n a cabo el 3 de mayo. Ahora, el Tribunal Supremo Electoral resolver\u00e1 si la candidatura cumplen los requisitos.<\/p>\n<p>En tanto, el MAS tendr\u00e1 a Luis Arce como postulante a la presidencia y a David Choquehuanca como acompa\u00f1ante de f\u00f3rmula. Cabe recordar que el primero, fue ministro de Econom\u00eda durante la administraci\u00f3n de Morales mientras que el segundo, fue canciller. Ambos dirigentes, acompa\u00f1ados por decenas de seguidores, se anotaron en la sede del organismo electoral.<\/p>\n<p>Tambi\u00e9n qued\u00f3 confirmado que la presidenta interina de Bolivia, Jeanine \u00c1\u00f1ez, buscar\u00e1 permanecer en el poder democr\u00e1ticamente a trav\u00e9s de la alianza Juntos. A su vez, los grandes opositores a Morales, Carlos Mesa y Luis Fernando Camacho, tambi\u00e9n se presentar\u00e1n en representaci\u00f3n de Comunicad Ciudadana y Creemos, respectivamente.<\/p>\n","protected":false},"excerpt":{"rendered":"<p>El expresidente de Bolivia, Evo Morales, se inscribi\u00f3 oficialmente para ser candidato a senador en su naci\u00f3n. Nuevamente, el dirigente que no fue permitido para presentarse como aspirante a la presidencia representar\u00e1 al Movimiento al Socialismo (MAS). Ahora, el \u00f3rgano electoral deber\u00e1 determinar si las candidaturas cumplen con los requisitos &nbsp; \u201cNuestro hermano presidente Evo Morales est\u00e1 en las listas oficiales del departamento de Cochabamba, como primero en la lista de candidatos al Senado\u201d, confirm\u00f3 el l\u00edder sindicalista de los cocaleros, Leonardo Loza. De esta manera, el primer ind\u00edgena en&#8230;<\/p>\n","protected":false},"author":3,"featured_media":57417,"comment_status":"closed","ping_status":"closed","sticky":false,"template":"","format":"standard","meta":[],"categories":[4],"tags":[],"_links":{"self":[{"href":"https:\/\/www.actualidadadiario.com\/index.php\/wp-json\/wp\/v2\/posts\/57416"}],"collection":[{"href":"https:\/\/www.actualidadadiario.com\/index.php\/wp-json\/wp\/v2\/posts"}],"about":[{"href":"https:\/\/www.actualidadadiario.com\/index.php\/wp-json\/wp\/v2\/types\/post"}],"author":[{"embeddable":true,"href":"https:\/\/www.actualidadadiario.com\/index.php\/wp-json\/wp\/v2\/users\/3"}],"replies":[{"embeddable":true,"href":"https:\/\/www.actualidadadiario.com\/index.php\/wp-json\/wp\/v2\/comments?post=57416"}],"version-history":[{"count":2,"href":"https:\/\/www.actualidadadiario.com\/index.php\/wp-json\/wp\/v2\/posts\/57416\/revisions"}],"predecessor-version":[{"id":57419,"href":"https:\/\/www.actualidadadiario.com\/index.php\/wp-json\/wp\/v2\/posts\/57416\/revisions\/57419"}],"wp:featuredmedia":[{"embeddable":true,"href":"https:\/\/www.actualidadadiario.com\/index.php\/wp-json\/wp\/v2\/media\/57417"}],"wp:attachment":[{"href":"https:\/\/www.actualidadadiario.com\/index.php\/wp-json\/wp\/v2\/media?parent=57416"}],"wp:term":[{"taxonomy":"category","embeddable":true,"href":"https:\/\/www.actualidadadiario.com\/index.php\/wp-json\/wp\/v2\/categories?post=57416"},{"taxonomy":"post_tag","embeddable":true,"href":"https:\/\/www.actualidadadiario.com\/index.php\/wp-json\/wp\/v2\/tags?post=57416"}],"curies":[{"name":"wp","href":"https:\/\/api.w.org\/{rel}","templated":true}]}}