{"id":57406,"date":"2020-02-04T12:51:45","date_gmt":"2020-02-04T15:51:45","guid":{"rendered":"https:\/\/www.actualidadadiario.com\/?p=57406"},"modified":"2020-02-04T12:51:45","modified_gmt":"2020-02-04T15:51:45","slug":"la-comision-de-presupuesto-se-reune-para-dictaminar-sobre-el-proyecto-de-deuda","status":"publish","type":"post","link":"https:\/\/www.actualidadadiario.com\/index.php\/2020\/02\/04\/la-comision-de-presupuesto-se-reune-para-dictaminar-sobre-el-proyecto-de-deuda\/","title":{"rendered":"La Comisi\u00f3n de Presupuesto se re\u00fane para dictaminar sobre el proyecto de deuda"},"content":{"rendered":"<p style=\"text-align: center;\"><em><strong>Con el apoyo de la oposici\u00f3n, el oficialismo espera obtener dictamen y llevar\u00e1 ma\u00f1ana, tema al recinto de sesiones<\/strong><\/em><\/p>\n<p>&nbsp;<\/p>\n<p>&nbsp;<\/p>\n<p>La Comisi\u00f3n de Presupuesto y Hacienda del Senado se reunir\u00e1 hoy para dictaminar favorablemente el proyecto de ley venido en revisi\u00f3n de la C\u00e1mara baja sobre Restauraci\u00f3n de la Sostenibilidad de la Deuda P\u00fablica Externa, que es impulsado por el Poder Ejecutivo.<\/p>\n<p>La reuni\u00f3n se llevar\u00e1 a cabo desde las 11 en el Sal\u00f3n Arturo Illia del primer piso del Palacio Legislativo.<\/p>\n<p>Con el apoyo de la oposici\u00f3n, el oficialismo obtendr\u00e1 dictamen y llevar\u00e1 ma\u00f1ana, desde las 10, el tema al recinto de sesiones, donde ser\u00e1 aprobado en sesi\u00f3n especial.<\/p>\n<p>Previamente, la comisi\u00f3n que preside el peronista cordob\u00e9s Carlos Caserio debe ser constituida formalmente.<\/p>\n<p>Los senadores deber\u00e1n elegir quien secundar\u00e1 a Caserio que, en principio, podr\u00eda ser uno de los miembros del interbloque de Juntos por el Cambio.<\/p>\n<p>No obstante, el Frente de Todos tendr\u00e1 amplia mayor\u00eda: ocupar\u00e1 10 lugares sobre 17.<\/p>\n<p>Adem\u00e1s de Caserio integrar\u00e1n la Comisi\u00f3n de Presupuesto y Hacienda por el oficialismo Jorge Taiana (Buenos Aires), Maurice Closs (Misiones), Beatriz Mirkin (Tucum\u00e1n), Antonio Rodas (Chaco), Edgardo Kueider (Entre R\u00edos), Mar\u00eda Teresa Gonz\u00e1lez (Formosa), Ana Mar\u00eda Ianni (Corrientes), Mario Mirabella (Santa Fe) y Jos\u00e9 U\u00f1ac (San Juan).<\/p>\n<p>Por Juntos por el Cambio fueron designados Esteban Bullrich (Buenos Aires), Mart\u00edn Lousteau (CABA), Claudio Poggi (San Juan), V\u00edctor Zimmermann (Chaco), Silvia El\u00edas de P\u00e9rez (Tucum\u00e1n), Julio Mart\u00ednez (La Rioja) y Juan Carlos Romero (Salta).<\/p>\n<p>El proyecto de ley sobre sostenibilidad de la deuda autoriza al Poder Ejecutivo a &#8220;efectuar las operaciones de administraci\u00f3n de pasivos y\/o canjes y\/o reestructuraciones de los servicios de vencimiento de intereses y amortizaciones de capital de los t\u00edtulos p\u00fablicos emitidos bajo ley extranjera&#8221;.<\/p>\n","protected":false},"excerpt":{"rendered":"<p>Con el apoyo de la oposici\u00f3n, el oficialismo espera obtener dictamen y llevar\u00e1 ma\u00f1ana, tema al recinto de sesiones &nbsp; &nbsp; La Comisi\u00f3n de Presupuesto y Hacienda del Senado se reunir\u00e1 hoy para dictaminar favorablemente el proyecto de ley venido en revisi\u00f3n de la C\u00e1mara baja sobre Restauraci\u00f3n de la Sostenibilidad de la Deuda P\u00fablica Externa, que es impulsado por el Poder Ejecutivo. La reuni\u00f3n se llevar\u00e1 a cabo desde las 11 en el Sal\u00f3n Arturo Illia del primer piso del Palacio Legislativo. Con el apoyo de la oposici\u00f3n, el&#8230;<\/p>\n","protected":false},"author":3,"featured_media":57407,"comment_status":"closed","ping_status":"closed","sticky":false,"template":"","format":"standard","meta":[],"categories":[18],"tags":[],"_links":{"self":[{"href":"https:\/\/www.actualidadadiario.com\/index.php\/wp-json\/wp\/v2\/posts\/57406"}],"collection":[{"href":"https:\/\/www.actualidadadiario.com\/index.php\/wp-json\/wp\/v2\/posts"}],"about":[{"href":"https:\/\/www.actualidadadiario.com\/index.php\/wp-json\/wp\/v2\/types\/post"}],"author":[{"embeddable":true,"href":"https:\/\/www.actualidadadiario.com\/index.php\/wp-json\/wp\/v2\/users\/3"}],"replies":[{"embeddable":true,"href":"https:\/\/www.actualidadadiario.com\/index.php\/wp-json\/wp\/v2\/comments?post=57406"}],"version-history":[{"count":1,"href":"https:\/\/www.actualidadadiario.com\/index.php\/wp-json\/wp\/v2\/posts\/57406\/revisions"}],"predecessor-version":[{"id":57408,"href":"https:\/\/www.actualidadadiario.com\/index.php\/wp-json\/wp\/v2\/posts\/57406\/revisions\/57408"}],"wp:featuredmedia":[{"embeddable":true,"href":"https:\/\/www.actualidadadiario.com\/index.php\/wp-json\/wp\/v2\/media\/57407"}],"wp:attachment":[{"href":"https:\/\/www.actualidadadiario.com\/index.php\/wp-json\/wp\/v2\/media?parent=57406"}],"wp:term":[{"taxonomy":"category","embeddable":true,"href":"https:\/\/www.actualidadadiario.com\/index.php\/wp-json\/wp\/v2\/categories?post=57406"},{"taxonomy":"post_tag","embeddable":true,"href":"https:\/\/www.actualidadadiario.com\/index.php\/wp-json\/wp\/v2\/tags?post=57406"}],"curies":[{"name":"wp","href":"https:\/\/api.w.org\/{rel}","templated":true}]}}