{"id":57403,"date":"2020-02-04T12:50:59","date_gmt":"2020-02-04T15:50:59","guid":{"rendered":"https:\/\/www.actualidadadiario.com\/?p=57403"},"modified":"2020-02-04T12:50:59","modified_gmt":"2020-02-04T15:50:59","slug":"alberto-fernandez-mantuvo-una-reunion-con-pedro-sanchez","status":"publish","type":"post","link":"https:\/\/www.actualidadadiario.com\/index.php\/2020\/02\/04\/alberto-fernandez-mantuvo-una-reunion-con-pedro-sanchez\/","title":{"rendered":"Alberto Fern\u00e1ndez mantuvo una reuni\u00f3n con Pedro S\u00e1nchez"},"content":{"rendered":"<p style=\"text-align: center;\"><em><strong>El presidente Alberto Fern\u00e1ndez se reuni\u00f3 a solas con el presidente del Gobierno espa\u00f1ol, Pedro S\u00e1nchez, en el Palacio de la Moncloa, Madrid, en la tercera etapa de su gira oficial por Europa<\/strong><\/em><\/p>\n<p>&nbsp;<\/p>\n<p>&nbsp;<\/p>\n<p>El presidente Alberto Fern\u00e1ndez se reuni\u00f3 en el Palacio de la Moncloa con el jefe del gobierno espa\u00f1ol, el socialista Pedro S\u00e1nchez, en la tercera etapa de su gira europea, en la que busca de respaldo pol\u00edtico para renegociar la deuda con el Fondo Monetario Internacional (FMI) y acreedores privados.<\/p>\n<p>Fern\u00e1ndez lleg\u00f3 hoy a Madrid, donde adem\u00e1s de almorzar con su par de Espa\u00f1a, tiene previsto reunirse con el rey Felipe VI. El Presidente fue recibido por argentinos que viven en Espa\u00f1a, y lo esperaron en las afueras de la embajada argentina en ese pa\u00eds.<\/p>\n<p>Seg\u00fan indicaron fuentes gubernamentales, la Audiencia con el Rey Felipe VI de Espa\u00f1a ser\u00e1 a las 15:30 en el despacho del rey.<\/p>\n<p>El presidente argentino estar\u00e1 acompa\u00f1ado en ambas actividades por el canciller Felipe Sol\u00e1 y la primera dama, Fabiola Y\u00e1\u00f1ez, seg\u00fan precisaron las mismas fuentes.<\/p>\n<p>De esta manera, Alberto Fern\u00e1ndez se convertir\u00e1 en el primer jefe de Estado o Gobierno que viaja a Espa\u00f1a tras la toma de posesi\u00f3n del nuevo Ejecutivo de Pedro S\u00e1nchez.<\/p>\n<p>La visita a Espa\u00f1a se da en el marco de su gira por Europa, luego de la cena con la canciller de Alemania, Angela Merkel, y antes de su llegada a Par\u00eds, donde se encontrar\u00e1 con el presidente de Francia, Emmanuel Macron.<\/p>\n","protected":false},"excerpt":{"rendered":"<p>El presidente Alberto Fern\u00e1ndez se reuni\u00f3 a solas con el presidente del Gobierno espa\u00f1ol, Pedro S\u00e1nchez, en el Palacio de la Moncloa, Madrid, en la tercera etapa de su gira oficial por Europa &nbsp; &nbsp; El presidente Alberto Fern\u00e1ndez se reuni\u00f3 en el Palacio de la Moncloa con el jefe del gobierno espa\u00f1ol, el socialista Pedro S\u00e1nchez, en la tercera etapa de su gira europea, en la que busca de respaldo pol\u00edtico para renegociar la deuda con el Fondo Monetario Internacional (FMI) y acreedores privados. Fern\u00e1ndez lleg\u00f3 hoy a Madrid,&#8230;<\/p>\n","protected":false},"author":3,"featured_media":57404,"comment_status":"closed","ping_status":"closed","sticky":false,"template":"","format":"standard","meta":[],"categories":[18],"tags":[],"_links":{"self":[{"href":"https:\/\/www.actualidadadiario.com\/index.php\/wp-json\/wp\/v2\/posts\/57403"}],"collection":[{"href":"https:\/\/www.actualidadadiario.com\/index.php\/wp-json\/wp\/v2\/posts"}],"about":[{"href":"https:\/\/www.actualidadadiario.com\/index.php\/wp-json\/wp\/v2\/types\/post"}],"author":[{"embeddable":true,"href":"https:\/\/www.actualidadadiario.com\/index.php\/wp-json\/wp\/v2\/users\/3"}],"replies":[{"embeddable":true,"href":"https:\/\/www.actualidadadiario.com\/index.php\/wp-json\/wp\/v2\/comments?post=57403"}],"version-history":[{"count":1,"href":"https:\/\/www.actualidadadiario.com\/index.php\/wp-json\/wp\/v2\/posts\/57403\/revisions"}],"predecessor-version":[{"id":57405,"href":"https:\/\/www.actualidadadiario.com\/index.php\/wp-json\/wp\/v2\/posts\/57403\/revisions\/57405"}],"wp:featuredmedia":[{"embeddable":true,"href":"https:\/\/www.actualidadadiario.com\/index.php\/wp-json\/wp\/v2\/media\/57404"}],"wp:attachment":[{"href":"https:\/\/www.actualidadadiario.com\/index.php\/wp-json\/wp\/v2\/media?parent=57403"}],"wp:term":[{"taxonomy":"category","embeddable":true,"href":"https:\/\/www.actualidadadiario.com\/index.php\/wp-json\/wp\/v2\/categories?post=57403"},{"taxonomy":"post_tag","embeddable":true,"href":"https:\/\/www.actualidadadiario.com\/index.php\/wp-json\/wp\/v2\/tags?post=57403"}],"curies":[{"name":"wp","href":"https:\/\/api.w.org\/{rel}","templated":true}]}}